{"id":6,"date":"2022-08-09T14:52:54","date_gmt":"2022-08-09T14:52:54","guid":{"rendered":"https:\/\/sovdladelund.de\/?p=6"},"modified":"2023-06-13T12:50:44","modified_gmt":"2023-06-13T10:50:44","slug":"sozialverband-deutschland","status":"publish","type":"post","link":"https:\/\/sovdladelund.de\/index.php\/2022\/08\/09\/sozialverband-deutschland\/","title":{"rendered":"Sozialverband Deutschland"},"content":{"rendered":"\n<p class=\"has-text-align-left\">Der Sozialverband Ladelund ist eine starke Organisation, die Ihre Rechte durchsetzt!<\/p>\n\n\n\n<p>Seit seiner Gr\u00fcndung 1917 setzt sich der Sozialverband Deutschland &#8211; ehemals Reichsbund, f\u00fcr ein H\u00f6chstma\u00df an sozialer Gerechtigkeit und die St\u00e4rkung unseres Sozialstaates Deutschland ein.<\/p>\n\n\n\n<p>Die Verbesserung und Durchsetzung der Rechte kranker, chronisch kranker, behinderter, pflegebed\u00fcrftigerund \u00e4lterer Menschen haben wir uns zum Ziel gesetzt!<\/p>\n\n\n\n<p>Unsere Ziele sind Ihre Interessen!<\/p>\n\n\n\n<p>-Sozialstaatlichkeit und Solidarit\u00e4t statt Ellbogengesellschaft und Ausgrenzung<\/p>\n\n\n\n<p>-Sicherung und Ausbau bew\u00e4hrter Sozialleistungen sowie Abbau hoher Arbeitslosigkeit statt wachsender Armut und zunehmender Spaltung der Gesellschaft<\/p>\n\n\n\n<p>-Umfassende Versorgung f\u00fcr kranke und chronisch kranke Menschen durch eine starke solidarische Krankenversicherung statt Privatisierung sozialer Risiken.<\/p>\n\n\n\n<p>-Gew\u00e4hrleistung einer menschenw\u00fcrdigen Pflege und soziale Sicherheit im Alter <\/p>\n\n\n\n<p>-Selbstbestimmung, Chancengleichheit und vollst\u00e4ndige Teilhabe f\u00fcr Menschen mit Behinderung <\/p>\n\n\n\n<p>Der Sozialverband e.V. Deutschland informiert \u00fcber Sozialpolitik und Sozialrecht in Mitgliederversammlungen, sowie auf der Internetseite <a rel=\"noreferrer noopener\" href=\"http:\/\/ www.sozialverband.de\" target=\"_blank\">http:\/\/ www.sozialverband.de<\/a><\/p>\n\n\n\n<p>Der Sozialverband Deutschland hilft seinen Mitgliedern  bei der Antragstellung und Durchsetzung von Anspr\u00fcchen aus dem Sozialrecht gegen\u00fcber den Beh\u00f6rden z.B. im Rahmen der <\/p>\n\n\n\n<ul class=\"wp-block-list\">\n<li>des Arbeitslosengeldes IIder GrundsicherungArbeitsversicherung sowieRenten-<\/li>\n\n\n\n<li>Kranken-<\/li>\n\n\n\n<li>Pflege-<\/li>\n\n\n\n<li>Unfall- und<\/li>\n\n\n\n<li>Arbeitsversicherung sowie<\/li>\n\n\n\n<li>in Fragen des Behindertenrechts<\/li>\n\n\n\n<li>der Grundsicherung<\/li>\n\n\n\n<li>des Arbeitslosengeldes II<\/li>\n\n\n\n<li>der Sozialhilfe<\/li>\n<\/ul>\n\n\n\n<p>Er hat daf\u00fcr erfahrene Mitarbeiter-\/- innen die Mitglieder gegen\u00fcber \u00c4mtern, Beh\u00f6rden und vor Sozialgerichten vertreten.<\/p>\n\n\n\n<figure class=\"wp-block-image size-full\"><img loading=\"lazy\" decoding=\"async\" width=\"900\" height=\"600\" src=\"https:\/\/sovdladelund.de\/wp-content\/uploads\/2022\/08\/teaser_sovd.jpg\" alt=\"\" class=\"wp-image-112\" srcset=\"https:\/\/sovdladelund.de\/wp-content\/uploads\/2022\/08\/teaser_sovd.jpg 900w, https:\/\/sovdladelund.de\/wp-content\/uploads\/2022\/08\/teaser_sovd-300x200.jpg 300w, https:\/\/sovdladelund.de\/wp-content\/uploads\/2022\/08\/teaser_sovd-768x512.jpg 768w\" sizes=\"auto, (max-width: 900px) 100vw, 900px\" \/><figcaption class=\"wp-element-caption\">Eine starke Gemeinschaft<\/figcaption><\/figure>\n","protected":false},"excerpt":{"rendered":"<p>Der Sozialverband Ladelund ist eine starke Organisation, die Ihre Rechte durchsetzt! Seit seiner Gr\u00fcndung 1917 setzt sich der Sozialverband Deutschland &#8211; ehemals Reichsbund, f\u00fcr ein H\u00f6chstma\u00df an sozialer Gerechtigkeit und die St\u00e4rkung unseres Sozialstaates Deutschland ein. Die Verbesserung und Durchsetzung der Rechte kranker, chronisch kranker, behinderter, pflegebed\u00fcrftigerund \u00e4lterer Menschen haben wir uns zum Ziel gesetzt!&hellip; <a class=\"more-link\" href=\"https:\/\/sovdladelund.de\/index.php\/2022\/08\/09\/sozialverband-deutschland\/\"><span class=\"screen-reader-text\">Sozialverband Deutschland<\/span> weiterlesen<\/a><\/p>\n","protected":false},"author":1,"featured_media":0,"comment_status":"open","ping_status":"open","sticky":false,"template":"","format":"standard","meta":{"footnotes":""},"categories":[1,2],"tags":[],"class_list":["post-6","post","type-post","status-publish","format-standard","hentry","category-https-sovdladelund-de-index-php-kooperationen-und-vorteile","category-sozialverband-deutschland","entry"],"yoast_head":"<!-- This site is optimized with the Yoast SEO plugin v25.5 - https:\/\/yoast.com\/wordpress\/plugins\/seo\/ -->\n<title>Sozialverband Deutschland - Sozialverband Ladelund<\/title>\n<meta name=\"description\" content=\"Der Sozialverband Deutschland hat alleine in Schleswig Holstein \u00fcber 170 Tsd. Mitglieder. Er wird in SH vertreten durch 15 Kreisverb\u00e4nde und 55 Ortsverb\u00e4nde in Nordfriesland. Ladelund ist einer von ihnen. Wir haben im Ortsverband Ladelund \u00fcber 170 Mitglieder. Geleitet wird der Ortsverband Ladelund von einem Vorstand, der aus derzeit 10 Mitgliedern besteht, die sich hier ehrenamtlich engagieren. Wenn auch du Lust hast dich zu engagieren oder Mitglied zu werden, dann spreche uns gerne an. Der Sozialverband Deutschland ber\u00e4t in allen sozialen Fragen und setzt sich ein, wenn es sein muss bis zum Sozialgericht. Das ist keine Frage des Alters, es kann schnell etwas passieren (Arbeitslosigkeit, Krankheit, Unfall, Erwerbsunf\u00e4higkeit, Rente) und man ben\u00f6tigt Hilfe gegen\u00fcber den \u00c4mtern und Beh\u00f6rden!\" \/>\n<meta name=\"robots\" content=\"index, follow, max-snippet:-1, max-image-preview:large, max-video-preview:-1\" \/>\n<link rel=\"canonical\" href=\"https:\/\/sovdladelund.de\/index.php\/2022\/08\/09\/sozialverband-deutschland\/\" \/>\n<meta property=\"og:locale\" content=\"de_DE\" \/>\n<meta property=\"og:type\" content=\"article\" \/>\n<meta property=\"og:title\" content=\"Sozialverband Deutschland - Sozialverband Ladelund\" \/>\n<meta property=\"og:description\" content=\"Der Sozialverband Deutschland hat alleine in Schleswig Holstein \u00fcber 170 Tsd. Mitglieder. Er wird in SH vertreten durch 15 Kreisverb\u00e4nde und 55 Ortsverb\u00e4nde in Nordfriesland. Ladelund ist einer von ihnen. Wir haben im Ortsverband Ladelund \u00fcber 170 Mitglieder. Geleitet wird der Ortsverband Ladelund von einem Vorstand, der aus derzeit 10 Mitgliedern besteht, die sich hier ehrenamtlich engagieren. Wenn auch du Lust hast dich zu engagieren oder Mitglied zu werden, dann spreche uns gerne an. Der Sozialverband Deutschland ber\u00e4t in allen sozialen Fragen und setzt sich ein, wenn es sein muss bis zum Sozialgericht. Das ist keine Frage des Alters, es kann schnell etwas passieren (Arbeitslosigkeit, Krankheit, Unfall, Erwerbsunf\u00e4higkeit, Rente) und man ben\u00f6tigt Hilfe gegen\u00fcber den \u00c4mtern und Beh\u00f6rden!\" \/>\n<meta property=\"og:url\" content=\"https:\/\/sovdladelund.de\/index.php\/2022\/08\/09\/sozialverband-deutschland\/\" \/>\n<meta property=\"og:site_name\" content=\"Sozialverband Ladelund\" \/>\n<meta property=\"article:publisher\" content=\"https:\/\/www.facebook.com\/groups\/381158450765117\" \/>\n<meta property=\"article:published_time\" content=\"2022-08-09T14:52:54+00:00\" \/>\n<meta property=\"article:modified_time\" content=\"2023-06-13T10:50:44+00:00\" \/>\n<meta property=\"og:image\" content=\"https:\/\/sovdladelund.de\/wp-content\/uploads\/2022\/08\/teaser_sovd.jpg\" \/>\n<meta name=\"author\" content=\"Monika\" \/>\n<meta name=\"twitter:card\" content=\"summary_large_image\" \/>\n<meta name=\"twitter:label1\" content=\"Verfasst von\" \/>\n\t<meta name=\"twitter:data1\" content=\"Monika\" \/>\n\t<meta name=\"twitter:label2\" content=\"Gesch\u00e4tzte Lesezeit\" \/>\n\t<meta name=\"twitter:data2\" content=\"2\u00a0Minuten\" \/>\n<script type=\"application\/ld+json\" class=\"yoast-schema-graph\">{\"@context\":\"https:\/\/schema.org\",\"@graph\":[{\"@type\":\"Article\",\"@id\":\"https:\/\/sovdladelund.de\/index.php\/2022\/08\/09\/sozialverband-deutschland\/#article\",\"isPartOf\":{\"@id\":\"https:\/\/sovdladelund.de\/index.php\/2022\/08\/09\/sozialverband-deutschland\/\"},\"author\":{\"name\":\"Monika\",\"@id\":\"https:\/\/sovdladelund.de\/#\/schema\/person\/a225727b181cbe3ff063b0af2cf4f012\"},\"headline\":\"Sozialverband Deutschland\",\"datePublished\":\"2022-08-09T14:52:54+00:00\",\"dateModified\":\"2023-06-13T10:50:44+00:00\",\"mainEntityOfPage\":{\"@id\":\"https:\/\/sovdladelund.de\/index.php\/2022\/08\/09\/sozialverband-deutschland\/\"},\"wordCount\":223,\"commentCount\":0,\"publisher\":{\"@id\":\"https:\/\/sovdladelund.de\/#organization\"},\"image\":{\"@id\":\"https:\/\/sovdladelund.de\/index.php\/2022\/08\/09\/sozialverband-deutschland\/#primaryimage\"},\"thumbnailUrl\":\"https:\/\/sovdladelund.de\/wp-content\/uploads\/2022\/08\/teaser_sovd.jpg\",\"articleSection\":[\"Kooperationen und Vorteile\",\"Sozialverband Deutschland\"],\"inLanguage\":\"de\",\"potentialAction\":[{\"@type\":\"CommentAction\",\"name\":\"Comment\",\"target\":[\"https:\/\/sovdladelund.de\/index.php\/2022\/08\/09\/sozialverband-deutschland\/#respond\"]}]},{\"@type\":\"WebPage\",\"@id\":\"https:\/\/sovdladelund.de\/index.php\/2022\/08\/09\/sozialverband-deutschland\/\",\"url\":\"https:\/\/sovdladelund.de\/index.php\/2022\/08\/09\/sozialverband-deutschland\/\",\"name\":\"Sozialverband Deutschland - Sozialverband Ladelund\",\"isPartOf\":{\"@id\":\"https:\/\/sovdladelund.de\/#website\"},\"primaryImageOfPage\":{\"@id\":\"https:\/\/sovdladelund.de\/index.php\/2022\/08\/09\/sozialverband-deutschland\/#primaryimage\"},\"image\":{\"@id\":\"https:\/\/sovdladelund.de\/index.php\/2022\/08\/09\/sozialverband-deutschland\/#primaryimage\"},\"thumbnailUrl\":\"https:\/\/sovdladelund.de\/wp-content\/uploads\/2022\/08\/teaser_sovd.jpg\",\"datePublished\":\"2022-08-09T14:52:54+00:00\",\"dateModified\":\"2023-06-13T10:50:44+00:00\",\"description\":\"Der Sozialverband Deutschland hat alleine in Schleswig Holstein \u00fcber 170 Tsd. Mitglieder. Er wird in SH vertreten durch 15 Kreisverb\u00e4nde und 55 Ortsverb\u00e4nde in Nordfriesland. Ladelund ist einer von ihnen. Wir haben im Ortsverband Ladelund \u00fcber 170 Mitglieder. Geleitet wird der Ortsverband Ladelund von einem Vorstand, der aus derzeit 10 Mitgliedern besteht, die sich hier ehrenamtlich engagieren. Wenn auch du Lust hast dich zu engagieren oder Mitglied zu werden, dann spreche uns gerne an. Der Sozialverband Deutschland ber\u00e4t in allen sozialen Fragen und setzt sich ein, wenn es sein muss bis zum Sozialgericht. Das ist keine Frage des Alters, es kann schnell etwas passieren (Arbeitslosigkeit, Krankheit, Unfall, Erwerbsunf\u00e4higkeit, Rente) und man ben\u00f6tigt Hilfe gegen\u00fcber den \u00c4mtern und Beh\u00f6rden!\",\"breadcrumb\":{\"@id\":\"https:\/\/sovdladelund.de\/index.php\/2022\/08\/09\/sozialverband-deutschland\/#breadcrumb\"},\"inLanguage\":\"de\",\"potentialAction\":[{\"@type\":\"ReadAction\",\"target\":[\"https:\/\/sovdladelund.de\/index.php\/2022\/08\/09\/sozialverband-deutschland\/\"]}]},{\"@type\":\"ImageObject\",\"inLanguage\":\"de\",\"@id\":\"https:\/\/sovdladelund.de\/index.php\/2022\/08\/09\/sozialverband-deutschland\/#primaryimage\",\"url\":\"https:\/\/sovdladelund.de\/wp-content\/uploads\/2022\/08\/teaser_sovd.jpg\",\"contentUrl\":\"https:\/\/sovdladelund.de\/wp-content\/uploads\/2022\/08\/teaser_sovd.jpg\",\"width\":900,\"height\":600,\"caption\":\"Eine starke Gemeinschaft\"},{\"@type\":\"BreadcrumbList\",\"@id\":\"https:\/\/sovdladelund.de\/index.php\/2022\/08\/09\/sozialverband-deutschland\/#breadcrumb\",\"itemListElement\":[{\"@type\":\"ListItem\",\"position\":1,\"name\":\"Startseite\",\"item\":\"https:\/\/sovdladelund.de\/\"},{\"@type\":\"ListItem\",\"position\":2,\"name\":\"Sozialverband Deutschland\"}]},{\"@type\":\"WebSite\",\"@id\":\"https:\/\/sovdladelund.de\/#website\",\"url\":\"https:\/\/sovdladelund.de\/\",\"name\":\"Sozialverband Ladelund\",\"description\":\"Gemeinsam sind wir b\u00e4renstark\",\"publisher\":{\"@id\":\"https:\/\/sovdladelund.de\/#organization\"},\"potentialAction\":[{\"@type\":\"SearchAction\",\"target\":{\"@type\":\"EntryPoint\",\"urlTemplate\":\"https:\/\/sovdladelund.de\/?s={search_term_string}\"},\"query-input\":{\"@type\":\"PropertyValueSpecification\",\"valueRequired\":true,\"valueName\":\"search_term_string\"}}],\"inLanguage\":\"de\"},{\"@type\":\"Organization\",\"@id\":\"https:\/\/sovdladelund.de\/#organization\",\"name\":\"Sozialverband Ladelund\",\"url\":\"https:\/\/sovdladelund.de\/\",\"logo\":{\"@type\":\"ImageObject\",\"inLanguage\":\"de\",\"@id\":\"https:\/\/sovdladelund.de\/#\/schema\/logo\/image\/\",\"url\":\"https:\/\/sovdladelund.de\/wp-content\/uploads\/2022\/10\/sovd-logo-1.png\",\"contentUrl\":\"https:\/\/sovdladelund.de\/wp-content\/uploads\/2022\/10\/sovd-logo-1.png\",\"width\":161,\"height\":78,\"caption\":\"Sozialverband Ladelund\"},\"image\":{\"@id\":\"https:\/\/sovdladelund.de\/#\/schema\/logo\/image\/\"},\"sameAs\":[\"https:\/\/www.facebook.com\/groups\/381158450765117\"]},{\"@type\":\"Person\",\"@id\":\"https:\/\/sovdladelund.de\/#\/schema\/person\/a225727b181cbe3ff063b0af2cf4f012\",\"name\":\"Monika\",\"image\":{\"@type\":\"ImageObject\",\"inLanguage\":\"de\",\"@id\":\"https:\/\/sovdladelund.de\/#\/schema\/person\/image\/\",\"url\":\"https:\/\/secure.gravatar.com\/avatar\/de3411053495d35d801840dbe2906be6f2a8cfc24461a02d68acfa34f676ef91?s=96&d=mm&r=g\",\"contentUrl\":\"https:\/\/secure.gravatar.com\/avatar\/de3411053495d35d801840dbe2906be6f2a8cfc24461a02d68acfa34f676ef91?s=96&d=mm&r=g\",\"caption\":\"Monika\"},\"sameAs\":[\"https:\/\/sovdladelund.de\"],\"url\":\"https:\/\/sovdladelund.de\/index.php\/author\/347002\/\"}]}<\/script>\n<!-- \/ Yoast SEO plugin. -->","yoast_head_json":{"title":"Sozialverband Deutschland - Sozialverband Ladelund","description":"Der Sozialverband Deutschland hat alleine in Schleswig Holstein \u00fcber 170 Tsd. Mitglieder. Er wird in SH vertreten durch 15 Kreisverb\u00e4nde und 55 Ortsverb\u00e4nde in Nordfriesland. Ladelund ist einer von ihnen. Wir haben im Ortsverband Ladelund \u00fcber 170 Mitglieder. Geleitet wird der Ortsverband Ladelund von einem Vorstand, der aus derzeit 10 Mitgliedern besteht, die sich hier ehrenamtlich engagieren. Wenn auch du Lust hast dich zu engagieren oder Mitglied zu werden, dann spreche uns gerne an. Der Sozialverband Deutschland ber\u00e4t in allen sozialen Fragen und setzt sich ein, wenn es sein muss bis zum Sozialgericht. Das ist keine Frage des Alters, es kann schnell etwas passieren (Arbeitslosigkeit, Krankheit, Unfall, Erwerbsunf\u00e4higkeit, Rente) und man ben\u00f6tigt Hilfe gegen\u00fcber den \u00c4mtern und Beh\u00f6rden!","robots":{"index":"index","follow":"follow","max-snippet":"max-snippet:-1","max-image-preview":"max-image-preview:large","max-video-preview":"max-video-preview:-1"},"canonical":"https:\/\/sovdladelund.de\/index.php\/2022\/08\/09\/sozialverband-deutschland\/","og_locale":"de_DE","og_type":"article","og_title":"Sozialverband Deutschland - Sozialverband Ladelund","og_description":"Der Sozialverband Deutschland hat alleine in Schleswig Holstein \u00fcber 170 Tsd. Mitglieder. Er wird in SH vertreten durch 15 Kreisverb\u00e4nde und 55 Ortsverb\u00e4nde in Nordfriesland. Ladelund ist einer von ihnen. Wir haben im Ortsverband Ladelund \u00fcber 170 Mitglieder. Geleitet wird der Ortsverband Ladelund von einem Vorstand, der aus derzeit 10 Mitgliedern besteht, die sich hier ehrenamtlich engagieren. Wenn auch du Lust hast dich zu engagieren oder Mitglied zu werden, dann spreche uns gerne an. Der Sozialverband Deutschland ber\u00e4t in allen sozialen Fragen und setzt sich ein, wenn es sein muss bis zum Sozialgericht. Das ist keine Frage des Alters, es kann schnell etwas passieren (Arbeitslosigkeit, Krankheit, Unfall, Erwerbsunf\u00e4higkeit, Rente) und man ben\u00f6tigt Hilfe gegen\u00fcber den \u00c4mtern und Beh\u00f6rden!","og_url":"https:\/\/sovdladelund.de\/index.php\/2022\/08\/09\/sozialverband-deutschland\/","og_site_name":"Sozialverband Ladelund","article_publisher":"https:\/\/www.facebook.com\/groups\/381158450765117","article_published_time":"2022-08-09T14:52:54+00:00","article_modified_time":"2023-06-13T10:50:44+00:00","og_image":[{"url":"https:\/\/sovdladelund.de\/wp-content\/uploads\/2022\/08\/teaser_sovd.jpg","type":"","width":"","height":""}],"author":"Monika","twitter_card":"summary_large_image","twitter_misc":{"Verfasst von":"Monika","Gesch\u00e4tzte Lesezeit":"2\u00a0Minuten"},"schema":{"@context":"https:\/\/schema.org","@graph":[{"@type":"Article","@id":"https:\/\/sovdladelund.de\/index.php\/2022\/08\/09\/sozialverband-deutschland\/#article","isPartOf":{"@id":"https:\/\/sovdladelund.de\/index.php\/2022\/08\/09\/sozialverband-deutschland\/"},"author":{"name":"Monika","@id":"https:\/\/sovdladelund.de\/#\/schema\/person\/a225727b181cbe3ff063b0af2cf4f012"},"headline":"Sozialverband Deutschland","datePublished":"2022-08-09T14:52:54+00:00","dateModified":"2023-06-13T10:50:44+00:00","mainEntityOfPage":{"@id":"https:\/\/sovdladelund.de\/index.php\/2022\/08\/09\/sozialverband-deutschland\/"},"wordCount":223,"commentCount":0,"publisher":{"@id":"https:\/\/sovdladelund.de\/#organization"},"image":{"@id":"https:\/\/sovdladelund.de\/index.php\/2022\/08\/09\/sozialverband-deutschland\/#primaryimage"},"thumbnailUrl":"https:\/\/sovdladelund.de\/wp-content\/uploads\/2022\/08\/teaser_sovd.jpg","articleSection":["Kooperationen und Vorteile","Sozialverband Deutschland"],"inLanguage":"de","potentialAction":[{"@type":"CommentAction","name":"Comment","target":["https:\/\/sovdladelund.de\/index.php\/2022\/08\/09\/sozialverband-deutschland\/#respond"]}]},{"@type":"WebPage","@id":"https:\/\/sovdladelund.de\/index.php\/2022\/08\/09\/sozialverband-deutschland\/","url":"https:\/\/sovdladelund.de\/index.php\/2022\/08\/09\/sozialverband-deutschland\/","name":"Sozialverband Deutschland - Sozialverband Ladelund","isPartOf":{"@id":"https:\/\/sovdladelund.de\/#website"},"primaryImageOfPage":{"@id":"https:\/\/sovdladelund.de\/index.php\/2022\/08\/09\/sozialverband-deutschland\/#primaryimage"},"image":{"@id":"https:\/\/sovdladelund.de\/index.php\/2022\/08\/09\/sozialverband-deutschland\/#primaryimage"},"thumbnailUrl":"https:\/\/sovdladelund.de\/wp-content\/uploads\/2022\/08\/teaser_sovd.jpg","datePublished":"2022-08-09T14:52:54+00:00","dateModified":"2023-06-13T10:50:44+00:00","description":"Der Sozialverband Deutschland hat alleine in Schleswig Holstein \u00fcber 170 Tsd. Mitglieder. Er wird in SH vertreten durch 15 Kreisverb\u00e4nde und 55 Ortsverb\u00e4nde in Nordfriesland. Ladelund ist einer von ihnen. Wir haben im Ortsverband Ladelund \u00fcber 170 Mitglieder. Geleitet wird der Ortsverband Ladelund von einem Vorstand, der aus derzeit 10 Mitgliedern besteht, die sich hier ehrenamtlich engagieren. Wenn auch du Lust hast dich zu engagieren oder Mitglied zu werden, dann spreche uns gerne an. Der Sozialverband Deutschland ber\u00e4t in allen sozialen Fragen und setzt sich ein, wenn es sein muss bis zum Sozialgericht. Das ist keine Frage des Alters, es kann schnell etwas passieren (Arbeitslosigkeit, Krankheit, Unfall, Erwerbsunf\u00e4higkeit, Rente) und man ben\u00f6tigt Hilfe gegen\u00fcber den \u00c4mtern und Beh\u00f6rden!","breadcrumb":{"@id":"https:\/\/sovdladelund.de\/index.php\/2022\/08\/09\/sozialverband-deutschland\/#breadcrumb"},"inLanguage":"de","potentialAction":[{"@type":"ReadAction","target":["https:\/\/sovdladelund.de\/index.php\/2022\/08\/09\/sozialverband-deutschland\/"]}]},{"@type":"ImageObject","inLanguage":"de","@id":"https:\/\/sovdladelund.de\/index.php\/2022\/08\/09\/sozialverband-deutschland\/#primaryimage","url":"https:\/\/sovdladelund.de\/wp-content\/uploads\/2022\/08\/teaser_sovd.jpg","contentUrl":"https:\/\/sovdladelund.de\/wp-content\/uploads\/2022\/08\/teaser_sovd.jpg","width":900,"height":600,"caption":"Eine starke Gemeinschaft"},{"@type":"BreadcrumbList","@id":"https:\/\/sovdladelund.de\/index.php\/2022\/08\/09\/sozialverband-deutschland\/#breadcrumb","itemListElement":[{"@type":"ListItem","position":1,"name":"Startseite","item":"https:\/\/sovdladelund.de\/"},{"@type":"ListItem","position":2,"name":"Sozialverband Deutschland"}]},{"@type":"WebSite","@id":"https:\/\/sovdladelund.de\/#website","url":"https:\/\/sovdladelund.de\/","name":"Sozialverband Ladelund","description":"Gemeinsam sind wir b\u00e4renstark","publisher":{"@id":"https:\/\/sovdladelund.de\/#organization"},"potentialAction":[{"@type":"SearchAction","target":{"@type":"EntryPoint","urlTemplate":"https:\/\/sovdladelund.de\/?s={search_term_string}"},"query-input":{"@type":"PropertyValueSpecification","valueRequired":true,"valueName":"search_term_string"}}],"inLanguage":"de"},{"@type":"Organization","@id":"https:\/\/sovdladelund.de\/#organization","name":"Sozialverband Ladelund","url":"https:\/\/sovdladelund.de\/","logo":{"@type":"ImageObject","inLanguage":"de","@id":"https:\/\/sovdladelund.de\/#\/schema\/logo\/image\/","url":"https:\/\/sovdladelund.de\/wp-content\/uploads\/2022\/10\/sovd-logo-1.png","contentUrl":"https:\/\/sovdladelund.de\/wp-content\/uploads\/2022\/10\/sovd-logo-1.png","width":161,"height":78,"caption":"Sozialverband Ladelund"},"image":{"@id":"https:\/\/sovdladelund.de\/#\/schema\/logo\/image\/"},"sameAs":["https:\/\/www.facebook.com\/groups\/381158450765117"]},{"@type":"Person","@id":"https:\/\/sovdladelund.de\/#\/schema\/person\/a225727b181cbe3ff063b0af2cf4f012","name":"Monika","image":{"@type":"ImageObject","inLanguage":"de","@id":"https:\/\/sovdladelund.de\/#\/schema\/person\/image\/","url":"https:\/\/secure.gravatar.com\/avatar\/de3411053495d35d801840dbe2906be6f2a8cfc24461a02d68acfa34f676ef91?s=96&d=mm&r=g","contentUrl":"https:\/\/secure.gravatar.com\/avatar\/de3411053495d35d801840dbe2906be6f2a8cfc24461a02d68acfa34f676ef91?s=96&d=mm&r=g","caption":"Monika"},"sameAs":["https:\/\/sovdladelund.de"],"url":"https:\/\/sovdladelund.de\/index.php\/author\/347002\/"}]}},"_links":{"self":[{"href":"https:\/\/sovdladelund.de\/index.php\/wp-json\/wp\/v2\/posts\/6","targetHints":{"allow":["GET"]}}],"collection":[{"href":"https:\/\/sovdladelund.de\/index.php\/wp-json\/wp\/v2\/posts"}],"about":[{"href":"https:\/\/sovdladelund.de\/index.php\/wp-json\/wp\/v2\/types\/post"}],"author":[{"embeddable":true,"href":"https:\/\/sovdladelund.de\/index.php\/wp-json\/wp\/v2\/users\/1"}],"replies":[{"embeddable":true,"href":"https:\/\/sovdladelund.de\/index.php\/wp-json\/wp\/v2\/comments?post=6"}],"version-history":[{"count":3,"href":"https:\/\/sovdladelund.de\/index.php\/wp-json\/wp\/v2\/posts\/6\/revisions"}],"predecessor-version":[{"id":455,"href":"https:\/\/sovdladelund.de\/index.php\/wp-json\/wp\/v2\/posts\/6\/revisions\/455"}],"wp:attachment":[{"href":"https:\/\/sovdladelund.de\/index.php\/wp-json\/wp\/v2\/media?parent=6"}],"wp:term":[{"taxonomy":"category","embeddable":true,"href":"https:\/\/sovdladelund.de\/index.php\/wp-json\/wp\/v2\/categories?post=6"},{"taxonomy":"post_tag","embeddable":true,"href":"https:\/\/sovdladelund.de\/index.php\/wp-json\/wp\/v2\/tags?post=6"}],"curies":[{"name":"wp","href":"https:\/\/api.w.org\/{rel}","templated":true}]}}