{"id":39,"date":"2022-08-09T14:59:25","date_gmt":"2022-08-09T14:59:25","guid":{"rendered":"https:\/\/sovdladelund.de\/?p=39"},"modified":"2022-08-09T15:35:31","modified_gmt":"2022-08-09T15:35:31","slug":"willkommen","status":"publish","type":"post","link":"https:\/\/sovdladelund.de\/index.php\/2022\/08\/09\/willkommen\/","title":{"rendered":"Willkommen"},"content":{"rendered":"\n<p>Moin liebe Mitglieder, Freund und Interessierte,<\/p>\n\n\n\n<p>sch\u00f6n das ihr den Weg zu uns gefunden habt.<\/p>\n\n\n\n<p>Wir werden versuchen euch hier zu informieren \u00fcber den Sozialverband, speziell was uns im Ortsverband so besch\u00e4ftigt.<\/p>\n\n\n\n<p>Veranstaltungen und Termine werden hier bekannt gegeben.<\/p>\n\n\n\n<p>Zudem wird eine Bildergalarie f\u00fcr einige R\u00fcckblicke sorgen.<\/p>\n\n\n\n<p>Wir hoffen auch ihr habt an unserer Homepage so viel Freude wie wir sie beim Einrichten gehabt haben und noch haben.<\/p>\n\n\n\n<p>Denn sie ist wie ein Haus, es gibt immer etwas zu tun!<\/p>\n\n\n\n<p><\/p>\n\n\n\n<p>Euer Sozialverband Ladelund <\/p>\n","protected":false},"excerpt":{"rendered":"<p>Moin liebe Mitglieder, Freund und Interessierte, sch\u00f6n das ihr den Weg zu uns gefunden habt. Wir werden versuchen euch hier zu informieren \u00fcber den Sozialverband, speziell was uns im Ortsverband so besch\u00e4ftigt. Veranstaltungen und Termine werden hier bekannt gegeben. Zudem wird eine Bildergalarie f\u00fcr einige R\u00fcckblicke sorgen. Wir hoffen auch ihr habt an unserer Homepage&hellip; <a class=\"more-link\" href=\"https:\/\/sovdladelund.de\/index.php\/2022\/08\/09\/willkommen\/\"><span class=\"screen-reader-text\">Willkommen<\/span> weiterlesen<\/a><\/p>\n","protected":false},"author":1,"featured_media":0,"comment_status":"closed","ping_status":"open","sticky":false,"template":"","format":"standard","meta":{"footnotes":""},"categories":[12,1],"tags":[],"class_list":["post-39","post","type-post","status-publish","format-standard","hentry","category-willkommen","category-https-sovdladelund-de-index-php-kooperationen-und-vorteile","entry"],"yoast_head":"<!-- This site is optimized with the Yoast SEO plugin v25.5 - https:\/\/yoast.com\/wordpress\/plugins\/seo\/ -->\n<title>Willkommen - Sozialverband Ladelund<\/title>\n<meta name=\"description\" content=\"Der Sozialverband Deutschland hat alleine in Schleswig Holstein \u00fcber 170 Tsd. Mitglieder. Er wird in SH vertreten durch 15 Kreisverb\u00e4nde und 55 Ortsverb\u00e4nde in Nordfriesland. Ladelund ist einer von ihnen. Wir haben im Ortsverband Ladelund \u00fcber 170 Mitglieder. Geleitet wird der Ortsverband Ladelund von einem Vorstand, der aus derzeit 10 Mitgliedern besteht, die sich hier ehrenamtlich engagieren. Wenn auch du Lust hast dich zu engagieren oder Mitglied zu werden, dann spreche uns gerne an. Der Sozialverband Deutschland ber\u00e4t in allen sozialen Fragen und setzt sich ein, wenn es sein muss bis zum Sozialgericht. Das ist keine Frage des Alters, es kann schnell etwas passieren (Arbeitslosigkeit, Krankheit, Unfall, Erwerbsunf\u00e4higkeit, Rente) und man ben\u00f6tigt Hilfe gegen\u00fcber den \u00c4mtern und Beh\u00f6rden!\" \/>\n<meta name=\"robots\" content=\"index, follow, max-snippet:-1, max-image-preview:large, max-video-preview:-1\" \/>\n<link rel=\"canonical\" href=\"https:\/\/sovdladelund.de\/index.php\/2022\/08\/09\/willkommen\/\" \/>\n<meta property=\"og:locale\" content=\"de_DE\" \/>\n<meta property=\"og:type\" content=\"article\" \/>\n<meta property=\"og:title\" content=\"Willkommen - Sozialverband Ladelund\" \/>\n<meta property=\"og:description\" content=\"Der Sozialverband Deutschland hat alleine in Schleswig Holstein \u00fcber 170 Tsd. Mitglieder. Er wird in SH vertreten durch 15 Kreisverb\u00e4nde und 55 Ortsverb\u00e4nde in Nordfriesland. Ladelund ist einer von ihnen. Wir haben im Ortsverband Ladelund \u00fcber 170 Mitglieder. Geleitet wird der Ortsverband Ladelund von einem Vorstand, der aus derzeit 10 Mitgliedern besteht, die sich hier ehrenamtlich engagieren. Wenn auch du Lust hast dich zu engagieren oder Mitglied zu werden, dann spreche uns gerne an. Der Sozialverband Deutschland ber\u00e4t in allen sozialen Fragen und setzt sich ein, wenn es sein muss bis zum Sozialgericht. Das ist keine Frage des Alters, es kann schnell etwas passieren (Arbeitslosigkeit, Krankheit, Unfall, Erwerbsunf\u00e4higkeit, Rente) und man ben\u00f6tigt Hilfe gegen\u00fcber den \u00c4mtern und Beh\u00f6rden!\" \/>\n<meta property=\"og:url\" content=\"https:\/\/sovdladelund.de\/index.php\/2022\/08\/09\/willkommen\/\" \/>\n<meta property=\"og:site_name\" content=\"Sozialverband Ladelund\" \/>\n<meta property=\"article:publisher\" content=\"https:\/\/www.facebook.com\/groups\/381158450765117\" \/>\n<meta property=\"article:published_time\" content=\"2022-08-09T14:59:25+00:00\" \/>\n<meta property=\"article:modified_time\" content=\"2022-08-09T15:35:31+00:00\" \/>\n<meta name=\"author\" content=\"Monika\" \/>\n<meta name=\"twitter:card\" content=\"summary_large_image\" \/>\n<meta name=\"twitter:label1\" content=\"Verfasst von\" \/>\n\t<meta name=\"twitter:data1\" content=\"Monika\" \/>\n<script type=\"application\/ld+json\" class=\"yoast-schema-graph\">{\"@context\":\"https:\/\/schema.org\",\"@graph\":[{\"@type\":\"Article\",\"@id\":\"https:\/\/sovdladelund.de\/index.php\/2022\/08\/09\/willkommen\/#article\",\"isPartOf\":{\"@id\":\"https:\/\/sovdladelund.de\/index.php\/2022\/08\/09\/willkommen\/\"},\"author\":{\"name\":\"Monika\",\"@id\":\"https:\/\/sovdladelund.de\/#\/schema\/person\/a225727b181cbe3ff063b0af2cf4f012\"},\"headline\":\"Willkommen\",\"datePublished\":\"2022-08-09T14:59:25+00:00\",\"dateModified\":\"2022-08-09T15:35:31+00:00\",\"mainEntityOfPage\":{\"@id\":\"https:\/\/sovdladelund.de\/index.php\/2022\/08\/09\/willkommen\/\"},\"wordCount\":88,\"publisher\":{\"@id\":\"https:\/\/sovdladelund.de\/#organization\"},\"articleSection\":[\"Herzlich Willkommen\",\"Kooperationen und Vorteile\"],\"inLanguage\":\"de\"},{\"@type\":\"WebPage\",\"@id\":\"https:\/\/sovdladelund.de\/index.php\/2022\/08\/09\/willkommen\/\",\"url\":\"https:\/\/sovdladelund.de\/index.php\/2022\/08\/09\/willkommen\/\",\"name\":\"Willkommen - Sozialverband Ladelund\",\"isPartOf\":{\"@id\":\"https:\/\/sovdladelund.de\/#website\"},\"datePublished\":\"2022-08-09T14:59:25+00:00\",\"dateModified\":\"2022-08-09T15:35:31+00:00\",\"description\":\"Der Sozialverband Deutschland hat alleine in Schleswig Holstein \u00fcber 170 Tsd. Mitglieder. Er wird in SH vertreten durch 15 Kreisverb\u00e4nde und 55 Ortsverb\u00e4nde in Nordfriesland. Ladelund ist einer von ihnen. Wir haben im Ortsverband Ladelund \u00fcber 170 Mitglieder. Geleitet wird der Ortsverband Ladelund von einem Vorstand, der aus derzeit 10 Mitgliedern besteht, die sich hier ehrenamtlich engagieren. Wenn auch du Lust hast dich zu engagieren oder Mitglied zu werden, dann spreche uns gerne an. Der Sozialverband Deutschland ber\u00e4t in allen sozialen Fragen und setzt sich ein, wenn es sein muss bis zum Sozialgericht. Das ist keine Frage des Alters, es kann schnell etwas passieren (Arbeitslosigkeit, Krankheit, Unfall, Erwerbsunf\u00e4higkeit, Rente) und man ben\u00f6tigt Hilfe gegen\u00fcber den \u00c4mtern und Beh\u00f6rden!\",\"breadcrumb\":{\"@id\":\"https:\/\/sovdladelund.de\/index.php\/2022\/08\/09\/willkommen\/#breadcrumb\"},\"inLanguage\":\"de\",\"potentialAction\":[{\"@type\":\"ReadAction\",\"target\":[\"https:\/\/sovdladelund.de\/index.php\/2022\/08\/09\/willkommen\/\"]}]},{\"@type\":\"BreadcrumbList\",\"@id\":\"https:\/\/sovdladelund.de\/index.php\/2022\/08\/09\/willkommen\/#breadcrumb\",\"itemListElement\":[{\"@type\":\"ListItem\",\"position\":1,\"name\":\"Startseite\",\"item\":\"https:\/\/sovdladelund.de\/\"},{\"@type\":\"ListItem\",\"position\":2,\"name\":\"Willkommen\"}]},{\"@type\":\"WebSite\",\"@id\":\"https:\/\/sovdladelund.de\/#website\",\"url\":\"https:\/\/sovdladelund.de\/\",\"name\":\"Sozialverband Ladelund\",\"description\":\"Gemeinsam sind wir b\u00e4renstark\",\"publisher\":{\"@id\":\"https:\/\/sovdladelund.de\/#organization\"},\"potentialAction\":[{\"@type\":\"SearchAction\",\"target\":{\"@type\":\"EntryPoint\",\"urlTemplate\":\"https:\/\/sovdladelund.de\/?s={search_term_string}\"},\"query-input\":{\"@type\":\"PropertyValueSpecification\",\"valueRequired\":true,\"valueName\":\"search_term_string\"}}],\"inLanguage\":\"de\"},{\"@type\":\"Organization\",\"@id\":\"https:\/\/sovdladelund.de\/#organization\",\"name\":\"Sozialverband Ladelund\",\"url\":\"https:\/\/sovdladelund.de\/\",\"logo\":{\"@type\":\"ImageObject\",\"inLanguage\":\"de\",\"@id\":\"https:\/\/sovdladelund.de\/#\/schema\/logo\/image\/\",\"url\":\"https:\/\/sovdladelund.de\/wp-content\/uploads\/2022\/10\/sovd-logo-1.png\",\"contentUrl\":\"https:\/\/sovdladelund.de\/wp-content\/uploads\/2022\/10\/sovd-logo-1.png\",\"width\":161,\"height\":78,\"caption\":\"Sozialverband Ladelund\"},\"image\":{\"@id\":\"https:\/\/sovdladelund.de\/#\/schema\/logo\/image\/\"},\"sameAs\":[\"https:\/\/www.facebook.com\/groups\/381158450765117\"]},{\"@type\":\"Person\",\"@id\":\"https:\/\/sovdladelund.de\/#\/schema\/person\/a225727b181cbe3ff063b0af2cf4f012\",\"name\":\"Monika\",\"image\":{\"@type\":\"ImageObject\",\"inLanguage\":\"de\",\"@id\":\"https:\/\/sovdladelund.de\/#\/schema\/person\/image\/\",\"url\":\"https:\/\/secure.gravatar.com\/avatar\/de3411053495d35d801840dbe2906be6f2a8cfc24461a02d68acfa34f676ef91?s=96&d=mm&r=g\",\"contentUrl\":\"https:\/\/secure.gravatar.com\/avatar\/de3411053495d35d801840dbe2906be6f2a8cfc24461a02d68acfa34f676ef91?s=96&d=mm&r=g\",\"caption\":\"Monika\"},\"sameAs\":[\"https:\/\/sovdladelund.de\"],\"url\":\"https:\/\/sovdladelund.de\/index.php\/author\/347002\/\"}]}<\/script>\n<!-- \/ Yoast SEO plugin. -->","yoast_head_json":{"title":"Willkommen - Sozialverband Ladelund","description":"Der Sozialverband Deutschland hat alleine in Schleswig Holstein \u00fcber 170 Tsd. Mitglieder. Er wird in SH vertreten durch 15 Kreisverb\u00e4nde und 55 Ortsverb\u00e4nde in Nordfriesland. Ladelund ist einer von ihnen. Wir haben im Ortsverband Ladelund \u00fcber 170 Mitglieder. Geleitet wird der Ortsverband Ladelund von einem Vorstand, der aus derzeit 10 Mitgliedern besteht, die sich hier ehrenamtlich engagieren. Wenn auch du Lust hast dich zu engagieren oder Mitglied zu werden, dann spreche uns gerne an. Der Sozialverband Deutschland ber\u00e4t in allen sozialen Fragen und setzt sich ein, wenn es sein muss bis zum Sozialgericht. Das ist keine Frage des Alters, es kann schnell etwas passieren (Arbeitslosigkeit, Krankheit, Unfall, Erwerbsunf\u00e4higkeit, Rente) und man ben\u00f6tigt Hilfe gegen\u00fcber den \u00c4mtern und Beh\u00f6rden!","robots":{"index":"index","follow":"follow","max-snippet":"max-snippet:-1","max-image-preview":"max-image-preview:large","max-video-preview":"max-video-preview:-1"},"canonical":"https:\/\/sovdladelund.de\/index.php\/2022\/08\/09\/willkommen\/","og_locale":"de_DE","og_type":"article","og_title":"Willkommen - Sozialverband Ladelund","og_description":"Der Sozialverband Deutschland hat alleine in Schleswig Holstein \u00fcber 170 Tsd. Mitglieder. Er wird in SH vertreten durch 15 Kreisverb\u00e4nde und 55 Ortsverb\u00e4nde in Nordfriesland. Ladelund ist einer von ihnen. Wir haben im Ortsverband Ladelund \u00fcber 170 Mitglieder. Geleitet wird der Ortsverband Ladelund von einem Vorstand, der aus derzeit 10 Mitgliedern besteht, die sich hier ehrenamtlich engagieren. Wenn auch du Lust hast dich zu engagieren oder Mitglied zu werden, dann spreche uns gerne an. Der Sozialverband Deutschland ber\u00e4t in allen sozialen Fragen und setzt sich ein, wenn es sein muss bis zum Sozialgericht. Das ist keine Frage des Alters, es kann schnell etwas passieren (Arbeitslosigkeit, Krankheit, Unfall, Erwerbsunf\u00e4higkeit, Rente) und man ben\u00f6tigt Hilfe gegen\u00fcber den \u00c4mtern und Beh\u00f6rden!","og_url":"https:\/\/sovdladelund.de\/index.php\/2022\/08\/09\/willkommen\/","og_site_name":"Sozialverband Ladelund","article_publisher":"https:\/\/www.facebook.com\/groups\/381158450765117","article_published_time":"2022-08-09T14:59:25+00:00","article_modified_time":"2022-08-09T15:35:31+00:00","author":"Monika","twitter_card":"summary_large_image","twitter_misc":{"Verfasst von":"Monika"},"schema":{"@context":"https:\/\/schema.org","@graph":[{"@type":"Article","@id":"https:\/\/sovdladelund.de\/index.php\/2022\/08\/09\/willkommen\/#article","isPartOf":{"@id":"https:\/\/sovdladelund.de\/index.php\/2022\/08\/09\/willkommen\/"},"author":{"name":"Monika","@id":"https:\/\/sovdladelund.de\/#\/schema\/person\/a225727b181cbe3ff063b0af2cf4f012"},"headline":"Willkommen","datePublished":"2022-08-09T14:59:25+00:00","dateModified":"2022-08-09T15:35:31+00:00","mainEntityOfPage":{"@id":"https:\/\/sovdladelund.de\/index.php\/2022\/08\/09\/willkommen\/"},"wordCount":88,"publisher":{"@id":"https:\/\/sovdladelund.de\/#organization"},"articleSection":["Herzlich Willkommen","Kooperationen und Vorteile"],"inLanguage":"de"},{"@type":"WebPage","@id":"https:\/\/sovdladelund.de\/index.php\/2022\/08\/09\/willkommen\/","url":"https:\/\/sovdladelund.de\/index.php\/2022\/08\/09\/willkommen\/","name":"Willkommen - Sozialverband Ladelund","isPartOf":{"@id":"https:\/\/sovdladelund.de\/#website"},"datePublished":"2022-08-09T14:59:25+00:00","dateModified":"2022-08-09T15:35:31+00:00","description":"Der Sozialverband Deutschland hat alleine in Schleswig Holstein \u00fcber 170 Tsd. Mitglieder. Er wird in SH vertreten durch 15 Kreisverb\u00e4nde und 55 Ortsverb\u00e4nde in Nordfriesland. Ladelund ist einer von ihnen. Wir haben im Ortsverband Ladelund \u00fcber 170 Mitglieder. Geleitet wird der Ortsverband Ladelund von einem Vorstand, der aus derzeit 10 Mitgliedern besteht, die sich hier ehrenamtlich engagieren. Wenn auch du Lust hast dich zu engagieren oder Mitglied zu werden, dann spreche uns gerne an. Der Sozialverband Deutschland ber\u00e4t in allen sozialen Fragen und setzt sich ein, wenn es sein muss bis zum Sozialgericht. Das ist keine Frage des Alters, es kann schnell etwas passieren (Arbeitslosigkeit, Krankheit, Unfall, Erwerbsunf\u00e4higkeit, Rente) und man ben\u00f6tigt Hilfe gegen\u00fcber den \u00c4mtern und Beh\u00f6rden!","breadcrumb":{"@id":"https:\/\/sovdladelund.de\/index.php\/2022\/08\/09\/willkommen\/#breadcrumb"},"inLanguage":"de","potentialAction":[{"@type":"ReadAction","target":["https:\/\/sovdladelund.de\/index.php\/2022\/08\/09\/willkommen\/"]}]},{"@type":"BreadcrumbList","@id":"https:\/\/sovdladelund.de\/index.php\/2022\/08\/09\/willkommen\/#breadcrumb","itemListElement":[{"@type":"ListItem","position":1,"name":"Startseite","item":"https:\/\/sovdladelund.de\/"},{"@type":"ListItem","position":2,"name":"Willkommen"}]},{"@type":"WebSite","@id":"https:\/\/sovdladelund.de\/#website","url":"https:\/\/sovdladelund.de\/","name":"Sozialverband Ladelund","description":"Gemeinsam sind wir b\u00e4renstark","publisher":{"@id":"https:\/\/sovdladelund.de\/#organization"},"potentialAction":[{"@type":"SearchAction","target":{"@type":"EntryPoint","urlTemplate":"https:\/\/sovdladelund.de\/?s={search_term_string}"},"query-input":{"@type":"PropertyValueSpecification","valueRequired":true,"valueName":"search_term_string"}}],"inLanguage":"de"},{"@type":"Organization","@id":"https:\/\/sovdladelund.de\/#organization","name":"Sozialverband Ladelund","url":"https:\/\/sovdladelund.de\/","logo":{"@type":"ImageObject","inLanguage":"de","@id":"https:\/\/sovdladelund.de\/#\/schema\/logo\/image\/","url":"https:\/\/sovdladelund.de\/wp-content\/uploads\/2022\/10\/sovd-logo-1.png","contentUrl":"https:\/\/sovdladelund.de\/wp-content\/uploads\/2022\/10\/sovd-logo-1.png","width":161,"height":78,"caption":"Sozialverband Ladelund"},"image":{"@id":"https:\/\/sovdladelund.de\/#\/schema\/logo\/image\/"},"sameAs":["https:\/\/www.facebook.com\/groups\/381158450765117"]},{"@type":"Person","@id":"https:\/\/sovdladelund.de\/#\/schema\/person\/a225727b181cbe3ff063b0af2cf4f012","name":"Monika","image":{"@type":"ImageObject","inLanguage":"de","@id":"https:\/\/sovdladelund.de\/#\/schema\/person\/image\/","url":"https:\/\/secure.gravatar.com\/avatar\/de3411053495d35d801840dbe2906be6f2a8cfc24461a02d68acfa34f676ef91?s=96&d=mm&r=g","contentUrl":"https:\/\/secure.gravatar.com\/avatar\/de3411053495d35d801840dbe2906be6f2a8cfc24461a02d68acfa34f676ef91?s=96&d=mm&r=g","caption":"Monika"},"sameAs":["https:\/\/sovdladelund.de"],"url":"https:\/\/sovdladelund.de\/index.php\/author\/347002\/"}]}},"_links":{"self":[{"href":"https:\/\/sovdladelund.de\/index.php\/wp-json\/wp\/v2\/posts\/39","targetHints":{"allow":["GET"]}}],"collection":[{"href":"https:\/\/sovdladelund.de\/index.php\/wp-json\/wp\/v2\/posts"}],"about":[{"href":"https:\/\/sovdladelund.de\/index.php\/wp-json\/wp\/v2\/types\/post"}],"author":[{"embeddable":true,"href":"https:\/\/sovdladelund.de\/index.php\/wp-json\/wp\/v2\/users\/1"}],"replies":[{"embeddable":true,"href":"https:\/\/sovdladelund.de\/index.php\/wp-json\/wp\/v2\/comments?post=39"}],"version-history":[{"count":1,"href":"https:\/\/sovdladelund.de\/index.php\/wp-json\/wp\/v2\/posts\/39\/revisions"}],"predecessor-version":[{"id":40,"href":"https:\/\/sovdladelund.de\/index.php\/wp-json\/wp\/v2\/posts\/39\/revisions\/40"}],"wp:attachment":[{"href":"https:\/\/sovdladelund.de\/index.php\/wp-json\/wp\/v2\/media?parent=39"}],"wp:term":[{"taxonomy":"category","embeddable":true,"href":"https:\/\/sovdladelund.de\/index.php\/wp-json\/wp\/v2\/categories?post=39"},{"taxonomy":"post_tag","embeddable":true,"href":"https:\/\/sovdladelund.de\/index.php\/wp-json\/wp\/v2\/tags?post=39"}],"curies":[{"name":"wp","href":"https:\/\/api.w.org\/{rel}","templated":true}]}}