{"id":35,"date":"2022-08-09T14:56:56","date_gmt":"2022-08-09T14:56:56","guid":{"rendered":"https:\/\/sovdladelund.de\/?p=35"},"modified":"2022-08-10T13:19:42","modified_gmt":"2022-08-10T13:19:42","slug":"bildergalerie","status":"publish","type":"post","link":"https:\/\/sovdladelund.de\/index.php\/2022\/08\/09\/bildergalerie\/","title":{"rendered":"Bildergalerie"},"content":{"rendered":"\n<div class=\"wp-block-columns alignfull is-layout-flex wp-container-core-columns-is-layout-9d6595d7 wp-block-columns-is-layout-flex\">\n<div class=\"wp-block-column is-layout-flow wp-block-column-is-layout-flow\">\n<figure class=\"wp-block-gallery has-nested-images columns-default is-cropped wp-block-gallery-1 is-layout-flex wp-block-gallery-is-layout-flex\">\n<figure class=\"wp-block-image size-large\"><img loading=\"lazy\" decoding=\"async\" width=\"1080\" height=\"1920\" data-id=\"86\" src=\"https:\/\/sovdladelund.de\/wp-content\/uploads\/2022\/08\/IMG-20220521-WA0017.jpg\" alt=\"Strahlender Sieger\" class=\"wp-image-86\" srcset=\"https:\/\/sovdladelund.de\/wp-content\/uploads\/2022\/08\/IMG-20220521-WA0017.jpg 1080w, https:\/\/sovdladelund.de\/wp-content\/uploads\/2022\/08\/IMG-20220521-WA0017-169x300.jpg 169w, https:\/\/sovdladelund.de\/wp-content\/uploads\/2022\/08\/IMG-20220521-WA0017-576x1024.jpg 576w, https:\/\/sovdladelund.de\/wp-content\/uploads\/2022\/08\/IMG-20220521-WA0017-768x1365.jpg 768w, https:\/\/sovdladelund.de\/wp-content\/uploads\/2022\/08\/IMG-20220521-WA0017-864x1536.jpg 864w\" sizes=\"auto, (max-width: 1080px) 100vw, 1080px\" \/><figcaption>Strahlender Sieger<\/figcaption><\/figure>\n\n\n\n<figure class=\"wp-block-image size-large\"><img loading=\"lazy\" decoding=\"async\" width=\"1080\" height=\"1920\" data-id=\"87\" src=\"https:\/\/sovdladelund.de\/wp-content\/uploads\/2022\/08\/IMG-20220521-WA0018.jpg\" alt=\"\" class=\"wp-image-87\" srcset=\"https:\/\/sovdladelund.de\/wp-content\/uploads\/2022\/08\/IMG-20220521-WA0018.jpg 1080w, https:\/\/sovdladelund.de\/wp-content\/uploads\/2022\/08\/IMG-20220521-WA0018-169x300.jpg 169w, https:\/\/sovdladelund.de\/wp-content\/uploads\/2022\/08\/IMG-20220521-WA0018-576x1024.jpg 576w, https:\/\/sovdladelund.de\/wp-content\/uploads\/2022\/08\/IMG-20220521-WA0018-768x1365.jpg 768w, https:\/\/sovdladelund.de\/wp-content\/uploads\/2022\/08\/IMG-20220521-WA0018-864x1536.jpg 864w\" sizes=\"auto, (max-width: 1080px) 100vw, 1080px\" \/><\/figure>\n\n\n\n<figure class=\"wp-block-image size-large\"><img loading=\"lazy\" decoding=\"async\" width=\"1599\" height=\"899\" data-id=\"85\" src=\"https:\/\/sovdladelund.de\/wp-content\/uploads\/2022\/08\/IMG-20220521-WA0010.jpg\" alt=\"Schubkarrenrennen 2022\" class=\"wp-image-85\" srcset=\"https:\/\/sovdladelund.de\/wp-content\/uploads\/2022\/08\/IMG-20220521-WA0010.jpg 1599w, https:\/\/sovdladelund.de\/wp-content\/uploads\/2022\/08\/IMG-20220521-WA0010-300x169.jpg 300w, https:\/\/sovdladelund.de\/wp-content\/uploads\/2022\/08\/IMG-20220521-WA0010-1024x576.jpg 1024w, https:\/\/sovdladelund.de\/wp-content\/uploads\/2022\/08\/IMG-20220521-WA0010-768x432.jpg 768w, https:\/\/sovdladelund.de\/wp-content\/uploads\/2022\/08\/IMG-20220521-WA0010-1536x864.jpg 1536w, https:\/\/sovdladelund.de\/wp-content\/uploads\/2022\/08\/IMG-20220521-WA0010-1568x882.jpg 1568w\" sizes=\"auto, (max-width: 1599px) 100vw, 1599px\" \/><figcaption>Schubkarrenrennen 2022<\/figcaption><\/figure>\n\n\n\n<figure class=\"wp-block-image size-large\"><img loading=\"lazy\" decoding=\"async\" width=\"899\" height=\"1599\" data-id=\"83\" src=\"https:\/\/sovdladelund.de\/wp-content\/uploads\/2022\/08\/IMG-20220521-WA0005.jpg\" alt=\"Schubkarrenrennen Ladelund\" class=\"wp-image-83\" srcset=\"https:\/\/sovdladelund.de\/wp-content\/uploads\/2022\/08\/IMG-20220521-WA0005.jpg 899w, https:\/\/sovdladelund.de\/wp-content\/uploads\/2022\/08\/IMG-20220521-WA0005-169x300.jpg 169w, https:\/\/sovdladelund.de\/wp-content\/uploads\/2022\/08\/IMG-20220521-WA0005-576x1024.jpg 576w, https:\/\/sovdladelund.de\/wp-content\/uploads\/2022\/08\/IMG-20220521-WA0005-768x1366.jpg 768w, https:\/\/sovdladelund.de\/wp-content\/uploads\/2022\/08\/IMG-20220521-WA0005-864x1536.jpg 864w\" sizes=\"auto, (max-width: 899px) 100vw, 899px\" \/><figcaption>Unser Stand zum Schubkarrenrennen in Ladelund<\/figcaption><\/figure>\n\n\n\n<figure class=\"wp-block-image size-large\"><img loading=\"lazy\" decoding=\"async\" width=\"899\" height=\"1599\" data-id=\"84\" src=\"https:\/\/sovdladelund.de\/wp-content\/uploads\/2022\/08\/IMG-20220521-WA0006.jpg\" alt=\"Schubkarrenrennen 2022\" class=\"wp-image-84\" srcset=\"https:\/\/sovdladelund.de\/wp-content\/uploads\/2022\/08\/IMG-20220521-WA0006.jpg 899w, https:\/\/sovdladelund.de\/wp-content\/uploads\/2022\/08\/IMG-20220521-WA0006-169x300.jpg 169w, https:\/\/sovdladelund.de\/wp-content\/uploads\/2022\/08\/IMG-20220521-WA0006-576x1024.jpg 576w, https:\/\/sovdladelund.de\/wp-content\/uploads\/2022\/08\/IMG-20220521-WA0006-768x1366.jpg 768w, https:\/\/sovdladelund.de\/wp-content\/uploads\/2022\/08\/IMG-20220521-WA0006-864x1536.jpg 864w\" sizes=\"auto, (max-width: 899px) 100vw, 899px\" \/><figcaption>Schubkarrenrennen 2022<\/figcaption><\/figure>\n\n\n\n<figure class=\"wp-block-image size-large\"><img loading=\"lazy\" decoding=\"async\" width=\"2560\" height=\"1785\" data-id=\"88\" src=\"https:\/\/sovdladelund.de\/wp-content\/uploads\/2022\/08\/20220709_120758-scaled.jpg\" alt=\"Kreisverbandstagung 22\" class=\"wp-image-88\" srcset=\"https:\/\/sovdladelund.de\/wp-content\/uploads\/2022\/08\/20220709_120758-scaled.jpg 2560w, https:\/\/sovdladelund.de\/wp-content\/uploads\/2022\/08\/20220709_120758-300x209.jpg 300w, https:\/\/sovdladelund.de\/wp-content\/uploads\/2022\/08\/20220709_120758-1024x714.jpg 1024w, https:\/\/sovdladelund.de\/wp-content\/uploads\/2022\/08\/20220709_120758-768x535.jpg 768w, https:\/\/sovdladelund.de\/wp-content\/uploads\/2022\/08\/20220709_120758-1536x1071.jpg 1536w, https:\/\/sovdladelund.de\/wp-content\/uploads\/2022\/08\/20220709_120758-2048x1428.jpg 2048w, https:\/\/sovdladelund.de\/wp-content\/uploads\/2022\/08\/20220709_120758-1568x1093.jpg 1568w\" sizes=\"auto, (max-width: 2560px) 100vw, 2560px\" \/><figcaption>Kreisverbandstagung 22<\/figcaption><\/figure>\n\n\n\n<figure class=\"wp-block-image size-large\"><img loading=\"lazy\" decoding=\"async\" width=\"2560\" height=\"2560\" data-id=\"89\" src=\"https:\/\/sovdladelund.de\/wp-content\/uploads\/2022\/08\/20220507_213348-scaled.jpg\" alt=\"\" class=\"wp-image-89\" srcset=\"https:\/\/sovdladelund.de\/wp-content\/uploads\/2022\/08\/20220507_213348-scaled.jpg 2560w, https:\/\/sovdladelund.de\/wp-content\/uploads\/2022\/08\/20220507_213348-300x300.jpg 300w, https:\/\/sovdladelund.de\/wp-content\/uploads\/2022\/08\/20220507_213348-1024x1024.jpg 1024w, https:\/\/sovdladelund.de\/wp-content\/uploads\/2022\/08\/20220507_213348-150x150.jpg 150w, https:\/\/sovdladelund.de\/wp-content\/uploads\/2022\/08\/20220507_213348-768x768.jpg 768w, https:\/\/sovdladelund.de\/wp-content\/uploads\/2022\/08\/20220507_213348-1536x1536.jpg 1536w, https:\/\/sovdladelund.de\/wp-content\/uploads\/2022\/08\/20220507_213348-2048x2048.jpg 2048w, https:\/\/sovdladelund.de\/wp-content\/uploads\/2022\/08\/20220507_213348-1568x1568.jpg 1568w\" sizes=\"auto, (max-width: 2560px) 100vw, 2560px\" \/><\/figure>\n\n\n\n<figure class=\"wp-block-image size-large\"><img loading=\"lazy\" decoding=\"async\" width=\"2560\" height=\"2560\" data-id=\"91\" src=\"https:\/\/sovdladelund.de\/wp-content\/uploads\/2022\/08\/20220507_212438-scaled.jpg\" alt=\"\" class=\"wp-image-91\" srcset=\"https:\/\/sovdladelund.de\/wp-content\/uploads\/2022\/08\/20220507_212438-scaled.jpg 2560w, https:\/\/sovdladelund.de\/wp-content\/uploads\/2022\/08\/20220507_212438-300x300.jpg 300w, https:\/\/sovdladelund.de\/wp-content\/uploads\/2022\/08\/20220507_212438-1024x1024.jpg 1024w, https:\/\/sovdladelund.de\/wp-content\/uploads\/2022\/08\/20220507_212438-150x150.jpg 150w, https:\/\/sovdladelund.de\/wp-content\/uploads\/2022\/08\/20220507_212438-768x768.jpg 768w, https:\/\/sovdladelund.de\/wp-content\/uploads\/2022\/08\/20220507_212438-1536x1536.jpg 1536w, https:\/\/sovdladelund.de\/wp-content\/uploads\/2022\/08\/20220507_212438-2048x2048.jpg 2048w, https:\/\/sovdladelund.de\/wp-content\/uploads\/2022\/08\/20220507_212438-1568x1568.jpg 1568w\" sizes=\"auto, (max-width: 2560px) 100vw, 2560px\" \/><\/figure>\n\n\n\n<figure class=\"wp-block-image size-large\"><img loading=\"lazy\" decoding=\"async\" width=\"2560\" height=\"2560\" data-id=\"92\" src=\"https:\/\/sovdladelund.de\/wp-content\/uploads\/2022\/08\/20220507_212435-scaled.jpg\" alt=\"Kreisvorsitzende P.Lenius - Hemstedt dankt W.Dix zum 75 Jubil\u00e4um\" class=\"wp-image-92\" srcset=\"https:\/\/sovdladelund.de\/wp-content\/uploads\/2022\/08\/20220507_212435-scaled.jpg 2560w, https:\/\/sovdladelund.de\/wp-content\/uploads\/2022\/08\/20220507_212435-300x300.jpg 300w, https:\/\/sovdladelund.de\/wp-content\/uploads\/2022\/08\/20220507_212435-1024x1024.jpg 1024w, https:\/\/sovdladelund.de\/wp-content\/uploads\/2022\/08\/20220507_212435-150x150.jpg 150w, https:\/\/sovdladelund.de\/wp-content\/uploads\/2022\/08\/20220507_212435-768x768.jpg 768w, https:\/\/sovdladelund.de\/wp-content\/uploads\/2022\/08\/20220507_212435-1536x1536.jpg 1536w, https:\/\/sovdladelund.de\/wp-content\/uploads\/2022\/08\/20220507_212435-2048x2048.jpg 2048w, https:\/\/sovdladelund.de\/wp-content\/uploads\/2022\/08\/20220507_212435-1568x1568.jpg 1568w\" sizes=\"auto, (max-width: 2560px) 100vw, 2560px\" \/><figcaption>Kreisvorsitzende Petra Lenius-Hemstedt dankt dem 1.Vorsitzenden Wilfried Dix zum 75. Jubil\u00e4um<\/figcaption><\/figure>\n\n\n\n<figure class=\"wp-block-image size-large\"><img loading=\"lazy\" decoding=\"async\" width=\"2560\" height=\"2560\" data-id=\"93\" src=\"https:\/\/sovdladelund.de\/wp-content\/uploads\/2022\/08\/20220507_211103-scaled.jpg\" alt=\"Petra Lenius-Hemstedt unsere Kreisvorsitzende\" class=\"wp-image-93\" srcset=\"https:\/\/sovdladelund.de\/wp-content\/uploads\/2022\/08\/20220507_211103-scaled.jpg 2560w, https:\/\/sovdladelund.de\/wp-content\/uploads\/2022\/08\/20220507_211103-300x300.jpg 300w, https:\/\/sovdladelund.de\/wp-content\/uploads\/2022\/08\/20220507_211103-1024x1024.jpg 1024w, https:\/\/sovdladelund.de\/wp-content\/uploads\/2022\/08\/20220507_211103-150x150.jpg 150w, https:\/\/sovdladelund.de\/wp-content\/uploads\/2022\/08\/20220507_211103-768x768.jpg 768w, https:\/\/sovdladelund.de\/wp-content\/uploads\/2022\/08\/20220507_211103-1536x1536.jpg 1536w, https:\/\/sovdladelund.de\/wp-content\/uploads\/2022\/08\/20220507_211103-2048x2048.jpg 2048w, https:\/\/sovdladelund.de\/wp-content\/uploads\/2022\/08\/20220507_211103-1568x1568.jpg 1568w\" sizes=\"auto, (max-width: 2560px) 100vw, 2560px\" \/><figcaption>Jubil\u00e4umsrede unserer Kreisvorsitzenden Petra Lenius-Hemstedt<\/figcaption><\/figure>\n\n\n\n<figure class=\"wp-block-image size-large\"><img loading=\"lazy\" decoding=\"async\" width=\"2560\" height=\"2560\" data-id=\"94\" src=\"https:\/\/sovdladelund.de\/wp-content\/uploads\/2022\/08\/20220507_211051-scaled.jpg\" alt=\"\" class=\"wp-image-94\" srcset=\"https:\/\/sovdladelund.de\/wp-content\/uploads\/2022\/08\/20220507_211051-scaled.jpg 2560w, https:\/\/sovdladelund.de\/wp-content\/uploads\/2022\/08\/20220507_211051-300x300.jpg 300w, https:\/\/sovdladelund.de\/wp-content\/uploads\/2022\/08\/20220507_211051-1024x1024.jpg 1024w, https:\/\/sovdladelund.de\/wp-content\/uploads\/2022\/08\/20220507_211051-150x150.jpg 150w, https:\/\/sovdladelund.de\/wp-content\/uploads\/2022\/08\/20220507_211051-768x768.jpg 768w, https:\/\/sovdladelund.de\/wp-content\/uploads\/2022\/08\/20220507_211051-1536x1536.jpg 1536w, https:\/\/sovdladelund.de\/wp-content\/uploads\/2022\/08\/20220507_211051-2048x2048.jpg 2048w, https:\/\/sovdladelund.de\/wp-content\/uploads\/2022\/08\/20220507_211051-1568x1568.jpg 1568w\" sizes=\"auto, (max-width: 2560px) 100vw, 2560px\" \/><figcaption>reisvorsitzende P .Lenius-Hemstedt<\/figcaption><\/figure>\n\n\n\n<figure class=\"wp-block-image size-large\"><img loading=\"lazy\" decoding=\"async\" width=\"2560\" height=\"2560\" data-id=\"95\" src=\"https:\/\/sovdladelund.de\/wp-content\/uploads\/2022\/08\/20220507_205453-scaled.jpg\" alt=\"Pastor Hans Joachim Stuck\" class=\"wp-image-95\" srcset=\"https:\/\/sovdladelund.de\/wp-content\/uploads\/2022\/08\/20220507_205453-scaled.jpg 2560w, https:\/\/sovdladelund.de\/wp-content\/uploads\/2022\/08\/20220507_205453-300x300.jpg 300w, https:\/\/sovdladelund.de\/wp-content\/uploads\/2022\/08\/20220507_205453-1024x1024.jpg 1024w, https:\/\/sovdladelund.de\/wp-content\/uploads\/2022\/08\/20220507_205453-150x150.jpg 150w, https:\/\/sovdladelund.de\/wp-content\/uploads\/2022\/08\/20220507_205453-768x768.jpg 768w, https:\/\/sovdladelund.de\/wp-content\/uploads\/2022\/08\/20220507_205453-1536x1536.jpg 1536w, https:\/\/sovdladelund.de\/wp-content\/uploads\/2022\/08\/20220507_205453-2048x2048.jpg 2048w, https:\/\/sovdladelund.de\/wp-content\/uploads\/2022\/08\/20220507_205453-1568x1568.jpg 1568w\" sizes=\"auto, (max-width: 2560px) 100vw, 2560px\" \/><figcaption>Pastor HansJoachim Stuck<\/figcaption><\/figure>\n\n\n\n<figure class=\"wp-block-image size-large\"><img loading=\"lazy\" decoding=\"async\" width=\"2560\" height=\"2560\" data-id=\"96\" src=\"https:\/\/sovdladelund.de\/wp-content\/uploads\/2022\/08\/20220507_205407-scaled.jpg\" alt=\"\" class=\"wp-image-96\" srcset=\"https:\/\/sovdladelund.de\/wp-content\/uploads\/2022\/08\/20220507_205407-scaled.jpg 2560w, https:\/\/sovdladelund.de\/wp-content\/uploads\/2022\/08\/20220507_205407-300x300.jpg 300w, https:\/\/sovdladelund.de\/wp-content\/uploads\/2022\/08\/20220507_205407-1024x1024.jpg 1024w, https:\/\/sovdladelund.de\/wp-content\/uploads\/2022\/08\/20220507_205407-150x150.jpg 150w, https:\/\/sovdladelund.de\/wp-content\/uploads\/2022\/08\/20220507_205407-768x768.jpg 768w, https:\/\/sovdladelund.de\/wp-content\/uploads\/2022\/08\/20220507_205407-1536x1536.jpg 1536w, https:\/\/sovdladelund.de\/wp-content\/uploads\/2022\/08\/20220507_205407-2048x2048.jpg 2048w, https:\/\/sovdladelund.de\/wp-content\/uploads\/2022\/08\/20220507_205407-1568x1568.jpg 1568w\" sizes=\"auto, (max-width: 2560px) 100vw, 2560px\" \/><\/figure>\n\n\n\n<figure class=\"wp-block-image size-large\"><img loading=\"lazy\" decoding=\"async\" width=\"2560\" height=\"2560\" data-id=\"97\" src=\"https:\/\/sovdladelund.de\/wp-content\/uploads\/2022\/08\/20220507_205114-scaled.jpg\" alt=\"B\u00fcrgermeister Lutz Martensen\" class=\"wp-image-97\" srcset=\"https:\/\/sovdladelund.de\/wp-content\/uploads\/2022\/08\/20220507_205114-scaled.jpg 2560w, https:\/\/sovdladelund.de\/wp-content\/uploads\/2022\/08\/20220507_205114-300x300.jpg 300w, https:\/\/sovdladelund.de\/wp-content\/uploads\/2022\/08\/20220507_205114-1024x1024.jpg 1024w, https:\/\/sovdladelund.de\/wp-content\/uploads\/2022\/08\/20220507_205114-150x150.jpg 150w, https:\/\/sovdladelund.de\/wp-content\/uploads\/2022\/08\/20220507_205114-768x768.jpg 768w, https:\/\/sovdladelund.de\/wp-content\/uploads\/2022\/08\/20220507_205114-1536x1536.jpg 1536w, https:\/\/sovdladelund.de\/wp-content\/uploads\/2022\/08\/20220507_205114-2048x2048.jpg 2048w, https:\/\/sovdladelund.de\/wp-content\/uploads\/2022\/08\/20220507_205114-1568x1568.jpg 1568w\" sizes=\"auto, (max-width: 2560px) 100vw, 2560px\" \/><figcaption>B\u00fcrgermeister Lutz Martensen<\/figcaption><\/figure>\n<\/figure>\n<\/div>\n\n\n\n<div class=\"wp-block-column is-layout-flow wp-block-column-is-layout-flow\">\n<figure class=\"wp-block-gallery has-nested-images columns-default is-cropped wp-block-gallery-2 is-layout-flex wp-block-gallery-is-layout-flex\">\n<figure class=\"wp-block-image size-large\"><img loading=\"lazy\" decoding=\"async\" width=\"2560\" height=\"1920\" data-id=\"117\" src=\"https:\/\/sovdladelund.de\/wp-content\/uploads\/2022\/08\/SoVD-75-jaehriges-Jubilaeum-07.05.22-001-scaled.jpg\" alt=\"75. Jubil\u00e4umsfest\" class=\"wp-image-117\" srcset=\"https:\/\/sovdladelund.de\/wp-content\/uploads\/2022\/08\/SoVD-75-jaehriges-Jubilaeum-07.05.22-001-scaled.jpg 2560w, https:\/\/sovdladelund.de\/wp-content\/uploads\/2022\/08\/SoVD-75-jaehriges-Jubilaeum-07.05.22-001-300x225.jpg 300w, https:\/\/sovdladelund.de\/wp-content\/uploads\/2022\/08\/SoVD-75-jaehriges-Jubilaeum-07.05.22-001-1024x768.jpg 1024w, https:\/\/sovdladelund.de\/wp-content\/uploads\/2022\/08\/SoVD-75-jaehriges-Jubilaeum-07.05.22-001-768x576.jpg 768w, https:\/\/sovdladelund.de\/wp-content\/uploads\/2022\/08\/SoVD-75-jaehriges-Jubilaeum-07.05.22-001-1536x1152.jpg 1536w, https:\/\/sovdladelund.de\/wp-content\/uploads\/2022\/08\/SoVD-75-jaehriges-Jubilaeum-07.05.22-001-2048x1536.jpg 2048w, https:\/\/sovdladelund.de\/wp-content\/uploads\/2022\/08\/SoVD-75-jaehriges-Jubilaeum-07.05.22-001-1568x1176.jpg 1568w\" sizes=\"auto, (max-width: 2560px) 100vw, 2560px\" \/><figcaption>75. Jubil\u00e4umsfest <\/figcaption><\/figure>\n\n\n\n<figure class=\"wp-block-image size-large\"><img loading=\"lazy\" decoding=\"async\" width=\"2560\" height=\"1920\" data-id=\"118\" src=\"https:\/\/sovdladelund.de\/wp-content\/uploads\/2022\/08\/SoVD-75-jaehriges-Jubilaeum-07.05.22-002-scaled.jpg\" alt=\"\" class=\"wp-image-118\" srcset=\"https:\/\/sovdladelund.de\/wp-content\/uploads\/2022\/08\/SoVD-75-jaehriges-Jubilaeum-07.05.22-002-scaled.jpg 2560w, https:\/\/sovdladelund.de\/wp-content\/uploads\/2022\/08\/SoVD-75-jaehriges-Jubilaeum-07.05.22-002-300x225.jpg 300w, https:\/\/sovdladelund.de\/wp-content\/uploads\/2022\/08\/SoVD-75-jaehriges-Jubilaeum-07.05.22-002-1024x768.jpg 1024w, https:\/\/sovdladelund.de\/wp-content\/uploads\/2022\/08\/SoVD-75-jaehriges-Jubilaeum-07.05.22-002-768x576.jpg 768w, https:\/\/sovdladelund.de\/wp-content\/uploads\/2022\/08\/SoVD-75-jaehriges-Jubilaeum-07.05.22-002-1536x1152.jpg 1536w, https:\/\/sovdladelund.de\/wp-content\/uploads\/2022\/08\/SoVD-75-jaehriges-Jubilaeum-07.05.22-002-2048x1536.jpg 2048w, https:\/\/sovdladelund.de\/wp-content\/uploads\/2022\/08\/SoVD-75-jaehriges-Jubilaeum-07.05.22-002-1568x1176.jpg 1568w\" sizes=\"auto, (max-width: 2560px) 100vw, 2560px\" \/><\/figure>\n\n\n\n<figure class=\"wp-block-image size-large\"><img loading=\"lazy\" decoding=\"async\" width=\"2560\" height=\"1920\" data-id=\"119\" src=\"https:\/\/sovdladelund.de\/wp-content\/uploads\/2022\/08\/SoVD-75-jaehriges-Jubilaeum-07.05.22-003-scaled.jpg\" alt=\"\" class=\"wp-image-119\" srcset=\"https:\/\/sovdladelund.de\/wp-content\/uploads\/2022\/08\/SoVD-75-jaehriges-Jubilaeum-07.05.22-003-scaled.jpg 2560w, https:\/\/sovdladelund.de\/wp-content\/uploads\/2022\/08\/SoVD-75-jaehriges-Jubilaeum-07.05.22-003-300x225.jpg 300w, https:\/\/sovdladelund.de\/wp-content\/uploads\/2022\/08\/SoVD-75-jaehriges-Jubilaeum-07.05.22-003-1024x768.jpg 1024w, https:\/\/sovdladelund.de\/wp-content\/uploads\/2022\/08\/SoVD-75-jaehriges-Jubilaeum-07.05.22-003-768x576.jpg 768w, https:\/\/sovdladelund.de\/wp-content\/uploads\/2022\/08\/SoVD-75-jaehriges-Jubilaeum-07.05.22-003-1536x1152.jpg 1536w, https:\/\/sovdladelund.de\/wp-content\/uploads\/2022\/08\/SoVD-75-jaehriges-Jubilaeum-07.05.22-003-2048x1536.jpg 2048w, https:\/\/sovdladelund.de\/wp-content\/uploads\/2022\/08\/SoVD-75-jaehriges-Jubilaeum-07.05.22-003-1568x1176.jpg 1568w\" sizes=\"auto, (max-width: 2560px) 100vw, 2560px\" \/><\/figure>\n\n\n\n<figure class=\"wp-block-image size-large\"><img loading=\"lazy\" decoding=\"async\" width=\"2560\" height=\"1920\" data-id=\"124\" src=\"https:\/\/sovdladelund.de\/wp-content\/uploads\/2022\/08\/SoVD-75-jaehriges-Jubilaeum-07.05.22-008-scaled.jpg\" alt=\"\" class=\"wp-image-124\" srcset=\"https:\/\/sovdladelund.de\/wp-content\/uploads\/2022\/08\/SoVD-75-jaehriges-Jubilaeum-07.05.22-008-scaled.jpg 2560w, https:\/\/sovdladelund.de\/wp-content\/uploads\/2022\/08\/SoVD-75-jaehriges-Jubilaeum-07.05.22-008-300x225.jpg 300w, https:\/\/sovdladelund.de\/wp-content\/uploads\/2022\/08\/SoVD-75-jaehriges-Jubilaeum-07.05.22-008-1024x768.jpg 1024w, https:\/\/sovdladelund.de\/wp-content\/uploads\/2022\/08\/SoVD-75-jaehriges-Jubilaeum-07.05.22-008-768x576.jpg 768w, https:\/\/sovdladelund.de\/wp-content\/uploads\/2022\/08\/SoVD-75-jaehriges-Jubilaeum-07.05.22-008-1536x1152.jpg 1536w, https:\/\/sovdladelund.de\/wp-content\/uploads\/2022\/08\/SoVD-75-jaehriges-Jubilaeum-07.05.22-008-2048x1536.jpg 2048w, https:\/\/sovdladelund.de\/wp-content\/uploads\/2022\/08\/SoVD-75-jaehriges-Jubilaeum-07.05.22-008-1568x1176.jpg 1568w\" sizes=\"auto, (max-width: 2560px) 100vw, 2560px\" \/><\/figure>\n\n\n\n<figure class=\"wp-block-image size-large\"><img loading=\"lazy\" decoding=\"async\" width=\"2560\" height=\"1920\" data-id=\"125\" src=\"https:\/\/sovdladelund.de\/wp-content\/uploads\/2022\/08\/SoVD-75-jaehriges-Jubilaeum-07.05.22-009-scaled.jpg\" alt=\"\" class=\"wp-image-125\" srcset=\"https:\/\/sovdladelund.de\/wp-content\/uploads\/2022\/08\/SoVD-75-jaehriges-Jubilaeum-07.05.22-009-scaled.jpg 2560w, https:\/\/sovdladelund.de\/wp-content\/uploads\/2022\/08\/SoVD-75-jaehriges-Jubilaeum-07.05.22-009-300x225.jpg 300w, https:\/\/sovdladelund.de\/wp-content\/uploads\/2022\/08\/SoVD-75-jaehriges-Jubilaeum-07.05.22-009-1024x768.jpg 1024w, https:\/\/sovdladelund.de\/wp-content\/uploads\/2022\/08\/SoVD-75-jaehriges-Jubilaeum-07.05.22-009-768x576.jpg 768w, https:\/\/sovdladelund.de\/wp-content\/uploads\/2022\/08\/SoVD-75-jaehriges-Jubilaeum-07.05.22-009-1536x1152.jpg 1536w, https:\/\/sovdladelund.de\/wp-content\/uploads\/2022\/08\/SoVD-75-jaehriges-Jubilaeum-07.05.22-009-2048x1536.jpg 2048w, https:\/\/sovdladelund.de\/wp-content\/uploads\/2022\/08\/SoVD-75-jaehriges-Jubilaeum-07.05.22-009-1568x1176.jpg 1568w\" sizes=\"auto, (max-width: 2560px) 100vw, 2560px\" \/><\/figure>\n\n\n\n<figure class=\"wp-block-image size-large\"><img loading=\"lazy\" decoding=\"async\" width=\"2560\" height=\"1920\" data-id=\"126\" src=\"https:\/\/sovdladelund.de\/wp-content\/uploads\/2022\/08\/SoVD-75-jaehriges-Jubilaeum-07.05.22-010-scaled.jpg\" alt=\"\" class=\"wp-image-126\" srcset=\"https:\/\/sovdladelund.de\/wp-content\/uploads\/2022\/08\/SoVD-75-jaehriges-Jubilaeum-07.05.22-010-scaled.jpg 2560w, https:\/\/sovdladelund.de\/wp-content\/uploads\/2022\/08\/SoVD-75-jaehriges-Jubilaeum-07.05.22-010-300x225.jpg 300w, https:\/\/sovdladelund.de\/wp-content\/uploads\/2022\/08\/SoVD-75-jaehriges-Jubilaeum-07.05.22-010-1024x768.jpg 1024w, https:\/\/sovdladelund.de\/wp-content\/uploads\/2022\/08\/SoVD-75-jaehriges-Jubilaeum-07.05.22-010-768x576.jpg 768w, https:\/\/sovdladelund.de\/wp-content\/uploads\/2022\/08\/SoVD-75-jaehriges-Jubilaeum-07.05.22-010-1536x1152.jpg 1536w, https:\/\/sovdladelund.de\/wp-content\/uploads\/2022\/08\/SoVD-75-jaehriges-Jubilaeum-07.05.22-010-2048x1536.jpg 2048w, https:\/\/sovdladelund.de\/wp-content\/uploads\/2022\/08\/SoVD-75-jaehriges-Jubilaeum-07.05.22-010-1568x1176.jpg 1568w\" sizes=\"auto, (max-width: 2560px) 100vw, 2560px\" \/><\/figure>\n\n\n\n<figure class=\"wp-block-image size-large\"><img loading=\"lazy\" decoding=\"async\" width=\"1920\" height=\"2560\" data-id=\"127\" src=\"https:\/\/sovdladelund.de\/wp-content\/uploads\/2022\/08\/SoVD-75-jaehriges-Jubilaeum-07.05.22-011-scaled.jpg\" alt=\"Schatzmeister Udo Wei\u00df\" class=\"wp-image-127\" srcset=\"https:\/\/sovdladelund.de\/wp-content\/uploads\/2022\/08\/SoVD-75-jaehriges-Jubilaeum-07.05.22-011-scaled.jpg 1920w, https:\/\/sovdladelund.de\/wp-content\/uploads\/2022\/08\/SoVD-75-jaehriges-Jubilaeum-07.05.22-011-225x300.jpg 225w, https:\/\/sovdladelund.de\/wp-content\/uploads\/2022\/08\/SoVD-75-jaehriges-Jubilaeum-07.05.22-011-768x1024.jpg 768w, https:\/\/sovdladelund.de\/wp-content\/uploads\/2022\/08\/SoVD-75-jaehriges-Jubilaeum-07.05.22-011-1152x1536.jpg 1152w, https:\/\/sovdladelund.de\/wp-content\/uploads\/2022\/08\/SoVD-75-jaehriges-Jubilaeum-07.05.22-011-1536x2048.jpg 1536w, https:\/\/sovdladelund.de\/wp-content\/uploads\/2022\/08\/SoVD-75-jaehriges-Jubilaeum-07.05.22-011-1568x2091.jpg 1568w\" sizes=\"auto, (max-width: 1920px) 100vw, 1920px\" \/><figcaption>Schatzmeister Udo Wei\u00df<\/figcaption><\/figure>\n\n\n\n<figure class=\"wp-block-image size-large\"><img loading=\"lazy\" decoding=\"async\" width=\"2560\" height=\"1920\" data-id=\"128\" src=\"https:\/\/sovdladelund.de\/wp-content\/uploads\/2022\/08\/SoVD-75-jaehriges-Jubilaeum-07.05.22-012-scaled.jpg\" alt=\"\" class=\"wp-image-128\" srcset=\"https:\/\/sovdladelund.de\/wp-content\/uploads\/2022\/08\/SoVD-75-jaehriges-Jubilaeum-07.05.22-012-scaled.jpg 2560w, https:\/\/sovdladelund.de\/wp-content\/uploads\/2022\/08\/SoVD-75-jaehriges-Jubilaeum-07.05.22-012-300x225.jpg 300w, https:\/\/sovdladelund.de\/wp-content\/uploads\/2022\/08\/SoVD-75-jaehriges-Jubilaeum-07.05.22-012-1024x768.jpg 1024w, https:\/\/sovdladelund.de\/wp-content\/uploads\/2022\/08\/SoVD-75-jaehriges-Jubilaeum-07.05.22-012-768x576.jpg 768w, https:\/\/sovdladelund.de\/wp-content\/uploads\/2022\/08\/SoVD-75-jaehriges-Jubilaeum-07.05.22-012-1536x1152.jpg 1536w, https:\/\/sovdladelund.de\/wp-content\/uploads\/2022\/08\/SoVD-75-jaehriges-Jubilaeum-07.05.22-012-2048x1536.jpg 2048w, https:\/\/sovdladelund.de\/wp-content\/uploads\/2022\/08\/SoVD-75-jaehriges-Jubilaeum-07.05.22-012-1568x1176.jpg 1568w\" sizes=\"auto, (max-width: 2560px) 100vw, 2560px\" \/><\/figure>\n\n\n\n<figure class=\"wp-block-image size-large\"><img loading=\"lazy\" decoding=\"async\" width=\"2560\" height=\"1920\" data-id=\"130\" src=\"https:\/\/sovdladelund.de\/wp-content\/uploads\/2022\/08\/SoVD-75-jaehriges-Jubilaeum-07.05.22-014-scaled.jpg\" alt=\"\" class=\"wp-image-130\" srcset=\"https:\/\/sovdladelund.de\/wp-content\/uploads\/2022\/08\/SoVD-75-jaehriges-Jubilaeum-07.05.22-014-scaled.jpg 2560w, https:\/\/sovdladelund.de\/wp-content\/uploads\/2022\/08\/SoVD-75-jaehriges-Jubilaeum-07.05.22-014-300x225.jpg 300w, https:\/\/sovdladelund.de\/wp-content\/uploads\/2022\/08\/SoVD-75-jaehriges-Jubilaeum-07.05.22-014-1024x768.jpg 1024w, https:\/\/sovdladelund.de\/wp-content\/uploads\/2022\/08\/SoVD-75-jaehriges-Jubilaeum-07.05.22-014-768x576.jpg 768w, https:\/\/sovdladelund.de\/wp-content\/uploads\/2022\/08\/SoVD-75-jaehriges-Jubilaeum-07.05.22-014-1536x1152.jpg 1536w, https:\/\/sovdladelund.de\/wp-content\/uploads\/2022\/08\/SoVD-75-jaehriges-Jubilaeum-07.05.22-014-2048x1536.jpg 2048w, https:\/\/sovdladelund.de\/wp-content\/uploads\/2022\/08\/SoVD-75-jaehriges-Jubilaeum-07.05.22-014-1568x1176.jpg 1568w\" sizes=\"auto, (max-width: 2560px) 100vw, 2560px\" \/><\/figure>\n\n\n\n<figure class=\"wp-block-image size-large\"><img loading=\"lazy\" decoding=\"async\" width=\"2560\" height=\"1920\" data-id=\"129\" src=\"https:\/\/sovdladelund.de\/wp-content\/uploads\/2022\/08\/SoVD-75-jaehriges-Jubilaeum-07.05.22-013-scaled.jpg\" alt=\"\" class=\"wp-image-129\" srcset=\"https:\/\/sovdladelund.de\/wp-content\/uploads\/2022\/08\/SoVD-75-jaehriges-Jubilaeum-07.05.22-013-scaled.jpg 2560w, https:\/\/sovdladelund.de\/wp-content\/uploads\/2022\/08\/SoVD-75-jaehriges-Jubilaeum-07.05.22-013-300x225.jpg 300w, https:\/\/sovdladelund.de\/wp-content\/uploads\/2022\/08\/SoVD-75-jaehriges-Jubilaeum-07.05.22-013-1024x768.jpg 1024w, https:\/\/sovdladelund.de\/wp-content\/uploads\/2022\/08\/SoVD-75-jaehriges-Jubilaeum-07.05.22-013-768x576.jpg 768w, https:\/\/sovdladelund.de\/wp-content\/uploads\/2022\/08\/SoVD-75-jaehriges-Jubilaeum-07.05.22-013-1536x1152.jpg 1536w, https:\/\/sovdladelund.de\/wp-content\/uploads\/2022\/08\/SoVD-75-jaehriges-Jubilaeum-07.05.22-013-2048x1536.jpg 2048w, https:\/\/sovdladelund.de\/wp-content\/uploads\/2022\/08\/SoVD-75-jaehriges-Jubilaeum-07.05.22-013-1568x1176.jpg 1568w\" sizes=\"auto, (max-width: 2560px) 100vw, 2560px\" \/><\/figure>\n\n\n\n<figure class=\"wp-block-image size-large\"><img loading=\"lazy\" decoding=\"async\" width=\"2560\" height=\"1920\" data-id=\"131\" src=\"https:\/\/sovdladelund.de\/wp-content\/uploads\/2022\/08\/SoVD-75-jaehriges-Jubilaeum-07.05.22-015-scaled.jpg\" alt=\"\" class=\"wp-image-131\" srcset=\"https:\/\/sovdladelund.de\/wp-content\/uploads\/2022\/08\/SoVD-75-jaehriges-Jubilaeum-07.05.22-015-scaled.jpg 2560w, https:\/\/sovdladelund.de\/wp-content\/uploads\/2022\/08\/SoVD-75-jaehriges-Jubilaeum-07.05.22-015-300x225.jpg 300w, https:\/\/sovdladelund.de\/wp-content\/uploads\/2022\/08\/SoVD-75-jaehriges-Jubilaeum-07.05.22-015-1024x768.jpg 1024w, https:\/\/sovdladelund.de\/wp-content\/uploads\/2022\/08\/SoVD-75-jaehriges-Jubilaeum-07.05.22-015-768x576.jpg 768w, https:\/\/sovdladelund.de\/wp-content\/uploads\/2022\/08\/SoVD-75-jaehriges-Jubilaeum-07.05.22-015-1536x1152.jpg 1536w, https:\/\/sovdladelund.de\/wp-content\/uploads\/2022\/08\/SoVD-75-jaehriges-Jubilaeum-07.05.22-015-2048x1536.jpg 2048w, https:\/\/sovdladelund.de\/wp-content\/uploads\/2022\/08\/SoVD-75-jaehriges-Jubilaeum-07.05.22-015-1568x1176.jpg 1568w\" sizes=\"auto, (max-width: 2560px) 100vw, 2560px\" \/><\/figure>\n\n\n\n<figure class=\"wp-block-image size-large\"><img loading=\"lazy\" decoding=\"async\" width=\"1945\" height=\"1390\" data-id=\"110\" src=\"https:\/\/sovdladelund.de\/wp-content\/uploads\/2022\/08\/Einschulung.jpg\" alt=\"Einschulung\" class=\"wp-image-110\" srcset=\"https:\/\/sovdladelund.de\/wp-content\/uploads\/2022\/08\/Einschulung.jpg 1945w, https:\/\/sovdladelund.de\/wp-content\/uploads\/2022\/08\/Einschulung-300x214.jpg 300w, https:\/\/sovdladelund.de\/wp-content\/uploads\/2022\/08\/Einschulung-1024x732.jpg 1024w, https:\/\/sovdladelund.de\/wp-content\/uploads\/2022\/08\/Einschulung-768x549.jpg 768w, https:\/\/sovdladelund.de\/wp-content\/uploads\/2022\/08\/Einschulung-1536x1098.jpg 1536w, https:\/\/sovdladelund.de\/wp-content\/uploads\/2022\/08\/Einschulung-1568x1121.jpg 1568w\" sizes=\"auto, (max-width: 1945px) 100vw, 1945px\" \/><figcaption>Einschulung<\/figcaption><\/figure>\n\n\n\n<figure class=\"wp-block-image size-large\"><img loading=\"lazy\" decoding=\"async\" width=\"1920\" height=\"2560\" data-id=\"108\" src=\"https:\/\/sovdladelund.de\/wp-content\/uploads\/2022\/08\/20200903_093345-scaled.jpg\" alt=\"Handpuppe\/Teddy f\u00fcr unsere Einschulungskinder\" class=\"wp-image-108\" srcset=\"https:\/\/sovdladelund.de\/wp-content\/uploads\/2022\/08\/20200903_093345-scaled.jpg 1920w, https:\/\/sovdladelund.de\/wp-content\/uploads\/2022\/08\/20200903_093345-225x300.jpg 225w, https:\/\/sovdladelund.de\/wp-content\/uploads\/2022\/08\/20200903_093345-768x1024.jpg 768w, https:\/\/sovdladelund.de\/wp-content\/uploads\/2022\/08\/20200903_093345-1152x1536.jpg 1152w, https:\/\/sovdladelund.de\/wp-content\/uploads\/2022\/08\/20200903_093345-1536x2048.jpg 1536w, https:\/\/sovdladelund.de\/wp-content\/uploads\/2022\/08\/20200903_093345-1568x2091.jpg 1568w\" sizes=\"auto, (max-width: 1920px) 100vw, 1920px\" \/><figcaption>Unser Einschulungsteddy f\u00fcr die Klasse macht sich j\u00e4hrlich auf den Weg<\/figcaption><\/figure>\n\n\n\n<figure class=\"wp-block-image size-large\"><img loading=\"lazy\" decoding=\"async\" width=\"1920\" height=\"2560\" data-id=\"107\" src=\"https:\/\/sovdladelund.de\/wp-content\/uploads\/2022\/08\/20201124_170049-scaled.jpg\" alt=\"Weihnachtt\u00fcten basteln\" class=\"wp-image-107\" srcset=\"https:\/\/sovdladelund.de\/wp-content\/uploads\/2022\/08\/20201124_170049-scaled.jpg 1920w, https:\/\/sovdladelund.de\/wp-content\/uploads\/2022\/08\/20201124_170049-225x300.jpg 225w, https:\/\/sovdladelund.de\/wp-content\/uploads\/2022\/08\/20201124_170049-768x1024.jpg 768w, https:\/\/sovdladelund.de\/wp-content\/uploads\/2022\/08\/20201124_170049-1152x1536.jpg 1152w, https:\/\/sovdladelund.de\/wp-content\/uploads\/2022\/08\/20201124_170049-1536x2048.jpg 1536w, https:\/\/sovdladelund.de\/wp-content\/uploads\/2022\/08\/20201124_170049-1568x2091.jpg 1568w\" sizes=\"auto, (max-width: 1920px) 100vw, 1920px\" \/><figcaption>Weihnachtst\u00fctenbasteln<\/figcaption><\/figure>\n<\/figure>\n<\/div>\n<\/div>\n","protected":false},"excerpt":{"rendered":"","protected":false},"author":1,"featured_media":0,"comment_status":"closed","ping_status":"open","sticky":false,"template":"","format":"standard","meta":{"footnotes":""},"categories":[6,1],"tags":[],"class_list":["post-35","post","type-post","status-publish","format-standard","hentry","category-bildergalerie","category-https-sovdladelund-de-index-php-kooperationen-und-vorteile","entry"],"yoast_head":"<!-- This site is optimized with the Yoast SEO plugin v25.5 - https:\/\/yoast.com\/wordpress\/plugins\/seo\/ -->\n<title>Bildergalerie - Sozialverband Ladelund<\/title>\n<meta name=\"description\" content=\"Der Sozialverband Deutschland hat alleine in Schleswig Holstein \u00fcber 170 Tsd. Mitglieder. Er wird in SH vertreten durch 15 Kreisverb\u00e4nde und 55 Ortsverb\u00e4nde in Nordfriesland. Ladelund ist einer von ihnen. Wir haben im Ortsverband Ladelund \u00fcber 170 Mitglieder. Geleitet wird der Ortsverband Ladelund von einem Vorstand, der aus derzeit 10 Mitgliedern besteht, die sich hier ehrenamtlich engagieren. Wenn auch du Lust hast dich zu engagieren oder Mitglied zu werden, dann spreche uns gerne an. Der Sozialverband Deutschland ber\u00e4t in allen sozialen Fragen und setzt sich ein, wenn es sein muss bis zum Sozialgericht. Das ist keine Frage des Alters, es kann schnell etwas passieren (Arbeitslosigkeit, Krankheit, Unfall, Erwerbsunf\u00e4higkeit, Rente) und man ben\u00f6tigt Hilfe gegen\u00fcber den \u00c4mtern und Beh\u00f6rden!\" \/>\n<meta name=\"robots\" content=\"index, follow, max-snippet:-1, max-image-preview:large, max-video-preview:-1\" \/>\n<link rel=\"canonical\" href=\"https:\/\/sovdladelund.de\/index.php\/2022\/08\/09\/bildergalerie\/\" \/>\n<meta property=\"og:locale\" content=\"de_DE\" \/>\n<meta property=\"og:type\" content=\"article\" \/>\n<meta property=\"og:title\" content=\"Bildergalerie - Sozialverband Ladelund\" \/>\n<meta property=\"og:description\" content=\"Der Sozialverband Deutschland hat alleine in Schleswig Holstein \u00fcber 170 Tsd. Mitglieder. Er wird in SH vertreten durch 15 Kreisverb\u00e4nde und 55 Ortsverb\u00e4nde in Nordfriesland. Ladelund ist einer von ihnen. Wir haben im Ortsverband Ladelund \u00fcber 170 Mitglieder. Geleitet wird der Ortsverband Ladelund von einem Vorstand, der aus derzeit 10 Mitgliedern besteht, die sich hier ehrenamtlich engagieren. Wenn auch du Lust hast dich zu engagieren oder Mitglied zu werden, dann spreche uns gerne an. Der Sozialverband Deutschland ber\u00e4t in allen sozialen Fragen und setzt sich ein, wenn es sein muss bis zum Sozialgericht. Das ist keine Frage des Alters, es kann schnell etwas passieren (Arbeitslosigkeit, Krankheit, Unfall, Erwerbsunf\u00e4higkeit, Rente) und man ben\u00f6tigt Hilfe gegen\u00fcber den \u00c4mtern und Beh\u00f6rden!\" \/>\n<meta property=\"og:url\" content=\"https:\/\/sovdladelund.de\/index.php\/2022\/08\/09\/bildergalerie\/\" \/>\n<meta property=\"og:site_name\" content=\"Sozialverband Ladelund\" \/>\n<meta property=\"article:publisher\" content=\"https:\/\/www.facebook.com\/groups\/381158450765117\" \/>\n<meta property=\"article:published_time\" content=\"2022-08-09T14:56:56+00:00\" \/>\n<meta property=\"article:modified_time\" content=\"2022-08-10T13:19:42+00:00\" \/>\n<meta property=\"og:image\" content=\"https:\/\/sovdladelund.de\/wp-content\/uploads\/2022\/08\/IMG-20220521-WA0017.jpg\" \/>\n<meta name=\"author\" content=\"Monika\" \/>\n<meta name=\"twitter:card\" content=\"summary_large_image\" \/>\n<meta name=\"twitter:label1\" content=\"Verfasst von\" \/>\n\t<meta name=\"twitter:data1\" content=\"Monika\" \/>\n<script type=\"application\/ld+json\" class=\"yoast-schema-graph\">{\"@context\":\"https:\/\/schema.org\",\"@graph\":[{\"@type\":\"Article\",\"@id\":\"https:\/\/sovdladelund.de\/index.php\/2022\/08\/09\/bildergalerie\/#article\",\"isPartOf\":{\"@id\":\"https:\/\/sovdladelund.de\/index.php\/2022\/08\/09\/bildergalerie\/\"},\"author\":{\"name\":\"Monika\",\"@id\":\"https:\/\/sovdladelund.de\/#\/schema\/person\/a225727b181cbe3ff063b0af2cf4f012\"},\"headline\":\"Bildergalerie\",\"datePublished\":\"2022-08-09T14:56:56+00:00\",\"dateModified\":\"2022-08-10T13:19:42+00:00\",\"mainEntityOfPage\":{\"@id\":\"https:\/\/sovdladelund.de\/index.php\/2022\/08\/09\/bildergalerie\/\"},\"wordCount\":60,\"publisher\":{\"@id\":\"https:\/\/sovdladelund.de\/#organization\"},\"image\":{\"@id\":\"https:\/\/sovdladelund.de\/index.php\/2022\/08\/09\/bildergalerie\/#primaryimage\"},\"thumbnailUrl\":\"https:\/\/sovdladelund.de\/wp-content\/uploads\/2022\/08\/IMG-20220521-WA0017.jpg\",\"articleSection\":[\"Bildergalerie\",\"Kooperationen und Vorteile\"],\"inLanguage\":\"de\"},{\"@type\":\"WebPage\",\"@id\":\"https:\/\/sovdladelund.de\/index.php\/2022\/08\/09\/bildergalerie\/\",\"url\":\"https:\/\/sovdladelund.de\/index.php\/2022\/08\/09\/bildergalerie\/\",\"name\":\"Bildergalerie - Sozialverband Ladelund\",\"isPartOf\":{\"@id\":\"https:\/\/sovdladelund.de\/#website\"},\"primaryImageOfPage\":{\"@id\":\"https:\/\/sovdladelund.de\/index.php\/2022\/08\/09\/bildergalerie\/#primaryimage\"},\"image\":{\"@id\":\"https:\/\/sovdladelund.de\/index.php\/2022\/08\/09\/bildergalerie\/#primaryimage\"},\"thumbnailUrl\":\"https:\/\/sovdladelund.de\/wp-content\/uploads\/2022\/08\/IMG-20220521-WA0017.jpg\",\"datePublished\":\"2022-08-09T14:56:56+00:00\",\"dateModified\":\"2022-08-10T13:19:42+00:00\",\"description\":\"Der Sozialverband Deutschland hat alleine in Schleswig Holstein \u00fcber 170 Tsd. Mitglieder. Er wird in SH vertreten durch 15 Kreisverb\u00e4nde und 55 Ortsverb\u00e4nde in Nordfriesland. Ladelund ist einer von ihnen. Wir haben im Ortsverband Ladelund \u00fcber 170 Mitglieder. Geleitet wird der Ortsverband Ladelund von einem Vorstand, der aus derzeit 10 Mitgliedern besteht, die sich hier ehrenamtlich engagieren. Wenn auch du Lust hast dich zu engagieren oder Mitglied zu werden, dann spreche uns gerne an. Der Sozialverband Deutschland ber\u00e4t in allen sozialen Fragen und setzt sich ein, wenn es sein muss bis zum Sozialgericht. Das ist keine Frage des Alters, es kann schnell etwas passieren (Arbeitslosigkeit, Krankheit, Unfall, Erwerbsunf\u00e4higkeit, Rente) und man ben\u00f6tigt Hilfe gegen\u00fcber den \u00c4mtern und Beh\u00f6rden!\",\"breadcrumb\":{\"@id\":\"https:\/\/sovdladelund.de\/index.php\/2022\/08\/09\/bildergalerie\/#breadcrumb\"},\"inLanguage\":\"de\",\"potentialAction\":[{\"@type\":\"ReadAction\",\"target\":[\"https:\/\/sovdladelund.de\/index.php\/2022\/08\/09\/bildergalerie\/\"]}]},{\"@type\":\"ImageObject\",\"inLanguage\":\"de\",\"@id\":\"https:\/\/sovdladelund.de\/index.php\/2022\/08\/09\/bildergalerie\/#primaryimage\",\"url\":\"https:\/\/sovdladelund.de\/wp-content\/uploads\/2022\/08\/IMG-20220521-WA0017.jpg\",\"contentUrl\":\"https:\/\/sovdladelund.de\/wp-content\/uploads\/2022\/08\/IMG-20220521-WA0017.jpg\",\"width\":1080,\"height\":1920,\"caption\":\"Strahlender Sieger\"},{\"@type\":\"BreadcrumbList\",\"@id\":\"https:\/\/sovdladelund.de\/index.php\/2022\/08\/09\/bildergalerie\/#breadcrumb\",\"itemListElement\":[{\"@type\":\"ListItem\",\"position\":1,\"name\":\"Startseite\",\"item\":\"https:\/\/sovdladelund.de\/\"},{\"@type\":\"ListItem\",\"position\":2,\"name\":\"Bildergalerie\"}]},{\"@type\":\"WebSite\",\"@id\":\"https:\/\/sovdladelund.de\/#website\",\"url\":\"https:\/\/sovdladelund.de\/\",\"name\":\"Sozialverband Ladelund\",\"description\":\"Gemeinsam sind wir b\u00e4renstark\",\"publisher\":{\"@id\":\"https:\/\/sovdladelund.de\/#organization\"},\"potentialAction\":[{\"@type\":\"SearchAction\",\"target\":{\"@type\":\"EntryPoint\",\"urlTemplate\":\"https:\/\/sovdladelund.de\/?s={search_term_string}\"},\"query-input\":{\"@type\":\"PropertyValueSpecification\",\"valueRequired\":true,\"valueName\":\"search_term_string\"}}],\"inLanguage\":\"de\"},{\"@type\":\"Organization\",\"@id\":\"https:\/\/sovdladelund.de\/#organization\",\"name\":\"Sozialverband Ladelund\",\"url\":\"https:\/\/sovdladelund.de\/\",\"logo\":{\"@type\":\"ImageObject\",\"inLanguage\":\"de\",\"@id\":\"https:\/\/sovdladelund.de\/#\/schema\/logo\/image\/\",\"url\":\"https:\/\/sovdladelund.de\/wp-content\/uploads\/2022\/10\/sovd-logo-1.png\",\"contentUrl\":\"https:\/\/sovdladelund.de\/wp-content\/uploads\/2022\/10\/sovd-logo-1.png\",\"width\":161,\"height\":78,\"caption\":\"Sozialverband Ladelund\"},\"image\":{\"@id\":\"https:\/\/sovdladelund.de\/#\/schema\/logo\/image\/\"},\"sameAs\":[\"https:\/\/www.facebook.com\/groups\/381158450765117\"]},{\"@type\":\"Person\",\"@id\":\"https:\/\/sovdladelund.de\/#\/schema\/person\/a225727b181cbe3ff063b0af2cf4f012\",\"name\":\"Monika\",\"image\":{\"@type\":\"ImageObject\",\"inLanguage\":\"de\",\"@id\":\"https:\/\/sovdladelund.de\/#\/schema\/person\/image\/\",\"url\":\"https:\/\/secure.gravatar.com\/avatar\/de3411053495d35d801840dbe2906be6f2a8cfc24461a02d68acfa34f676ef91?s=96&d=mm&r=g\",\"contentUrl\":\"https:\/\/secure.gravatar.com\/avatar\/de3411053495d35d801840dbe2906be6f2a8cfc24461a02d68acfa34f676ef91?s=96&d=mm&r=g\",\"caption\":\"Monika\"},\"sameAs\":[\"https:\/\/sovdladelund.de\"],\"url\":\"https:\/\/sovdladelund.de\/index.php\/author\/347002\/\"}]}<\/script>\n<!-- \/ Yoast SEO plugin. -->","yoast_head_json":{"title":"Bildergalerie - Sozialverband Ladelund","description":"Der Sozialverband Deutschland hat alleine in Schleswig Holstein \u00fcber 170 Tsd. Mitglieder. Er wird in SH vertreten durch 15 Kreisverb\u00e4nde und 55 Ortsverb\u00e4nde in Nordfriesland. Ladelund ist einer von ihnen. Wir haben im Ortsverband Ladelund \u00fcber 170 Mitglieder. Geleitet wird der Ortsverband Ladelund von einem Vorstand, der aus derzeit 10 Mitgliedern besteht, die sich hier ehrenamtlich engagieren. Wenn auch du Lust hast dich zu engagieren oder Mitglied zu werden, dann spreche uns gerne an. Der Sozialverband Deutschland ber\u00e4t in allen sozialen Fragen und setzt sich ein, wenn es sein muss bis zum Sozialgericht. Das ist keine Frage des Alters, es kann schnell etwas passieren (Arbeitslosigkeit, Krankheit, Unfall, Erwerbsunf\u00e4higkeit, Rente) und man ben\u00f6tigt Hilfe gegen\u00fcber den \u00c4mtern und Beh\u00f6rden!","robots":{"index":"index","follow":"follow","max-snippet":"max-snippet:-1","max-image-preview":"max-image-preview:large","max-video-preview":"max-video-preview:-1"},"canonical":"https:\/\/sovdladelund.de\/index.php\/2022\/08\/09\/bildergalerie\/","og_locale":"de_DE","og_type":"article","og_title":"Bildergalerie - Sozialverband Ladelund","og_description":"Der Sozialverband Deutschland hat alleine in Schleswig Holstein \u00fcber 170 Tsd. Mitglieder. Er wird in SH vertreten durch 15 Kreisverb\u00e4nde und 55 Ortsverb\u00e4nde in Nordfriesland. Ladelund ist einer von ihnen. Wir haben im Ortsverband Ladelund \u00fcber 170 Mitglieder. Geleitet wird der Ortsverband Ladelund von einem Vorstand, der aus derzeit 10 Mitgliedern besteht, die sich hier ehrenamtlich engagieren. Wenn auch du Lust hast dich zu engagieren oder Mitglied zu werden, dann spreche uns gerne an. Der Sozialverband Deutschland ber\u00e4t in allen sozialen Fragen und setzt sich ein, wenn es sein muss bis zum Sozialgericht. Das ist keine Frage des Alters, es kann schnell etwas passieren (Arbeitslosigkeit, Krankheit, Unfall, Erwerbsunf\u00e4higkeit, Rente) und man ben\u00f6tigt Hilfe gegen\u00fcber den \u00c4mtern und Beh\u00f6rden!","og_url":"https:\/\/sovdladelund.de\/index.php\/2022\/08\/09\/bildergalerie\/","og_site_name":"Sozialverband Ladelund","article_publisher":"https:\/\/www.facebook.com\/groups\/381158450765117","article_published_time":"2022-08-09T14:56:56+00:00","article_modified_time":"2022-08-10T13:19:42+00:00","og_image":[{"url":"https:\/\/sovdladelund.de\/wp-content\/uploads\/2022\/08\/IMG-20220521-WA0017.jpg","type":"","width":"","height":""}],"author":"Monika","twitter_card":"summary_large_image","twitter_misc":{"Verfasst von":"Monika"},"schema":{"@context":"https:\/\/schema.org","@graph":[{"@type":"Article","@id":"https:\/\/sovdladelund.de\/index.php\/2022\/08\/09\/bildergalerie\/#article","isPartOf":{"@id":"https:\/\/sovdladelund.de\/index.php\/2022\/08\/09\/bildergalerie\/"},"author":{"name":"Monika","@id":"https:\/\/sovdladelund.de\/#\/schema\/person\/a225727b181cbe3ff063b0af2cf4f012"},"headline":"Bildergalerie","datePublished":"2022-08-09T14:56:56+00:00","dateModified":"2022-08-10T13:19:42+00:00","mainEntityOfPage":{"@id":"https:\/\/sovdladelund.de\/index.php\/2022\/08\/09\/bildergalerie\/"},"wordCount":60,"publisher":{"@id":"https:\/\/sovdladelund.de\/#organization"},"image":{"@id":"https:\/\/sovdladelund.de\/index.php\/2022\/08\/09\/bildergalerie\/#primaryimage"},"thumbnailUrl":"https:\/\/sovdladelund.de\/wp-content\/uploads\/2022\/08\/IMG-20220521-WA0017.jpg","articleSection":["Bildergalerie","Kooperationen und Vorteile"],"inLanguage":"de"},{"@type":"WebPage","@id":"https:\/\/sovdladelund.de\/index.php\/2022\/08\/09\/bildergalerie\/","url":"https:\/\/sovdladelund.de\/index.php\/2022\/08\/09\/bildergalerie\/","name":"Bildergalerie - Sozialverband Ladelund","isPartOf":{"@id":"https:\/\/sovdladelund.de\/#website"},"primaryImageOfPage":{"@id":"https:\/\/sovdladelund.de\/index.php\/2022\/08\/09\/bildergalerie\/#primaryimage"},"image":{"@id":"https:\/\/sovdladelund.de\/index.php\/2022\/08\/09\/bildergalerie\/#primaryimage"},"thumbnailUrl":"https:\/\/sovdladelund.de\/wp-content\/uploads\/2022\/08\/IMG-20220521-WA0017.jpg","datePublished":"2022-08-09T14:56:56+00:00","dateModified":"2022-08-10T13:19:42+00:00","description":"Der Sozialverband Deutschland hat alleine in Schleswig Holstein \u00fcber 170 Tsd. Mitglieder. Er wird in SH vertreten durch 15 Kreisverb\u00e4nde und 55 Ortsverb\u00e4nde in Nordfriesland. Ladelund ist einer von ihnen. Wir haben im Ortsverband Ladelund \u00fcber 170 Mitglieder. Geleitet wird der Ortsverband Ladelund von einem Vorstand, der aus derzeit 10 Mitgliedern besteht, die sich hier ehrenamtlich engagieren. Wenn auch du Lust hast dich zu engagieren oder Mitglied zu werden, dann spreche uns gerne an. Der Sozialverband Deutschland ber\u00e4t in allen sozialen Fragen und setzt sich ein, wenn es sein muss bis zum Sozialgericht. Das ist keine Frage des Alters, es kann schnell etwas passieren (Arbeitslosigkeit, Krankheit, Unfall, Erwerbsunf\u00e4higkeit, Rente) und man ben\u00f6tigt Hilfe gegen\u00fcber den \u00c4mtern und Beh\u00f6rden!","breadcrumb":{"@id":"https:\/\/sovdladelund.de\/index.php\/2022\/08\/09\/bildergalerie\/#breadcrumb"},"inLanguage":"de","potentialAction":[{"@type":"ReadAction","target":["https:\/\/sovdladelund.de\/index.php\/2022\/08\/09\/bildergalerie\/"]}]},{"@type":"ImageObject","inLanguage":"de","@id":"https:\/\/sovdladelund.de\/index.php\/2022\/08\/09\/bildergalerie\/#primaryimage","url":"https:\/\/sovdladelund.de\/wp-content\/uploads\/2022\/08\/IMG-20220521-WA0017.jpg","contentUrl":"https:\/\/sovdladelund.de\/wp-content\/uploads\/2022\/08\/IMG-20220521-WA0017.jpg","width":1080,"height":1920,"caption":"Strahlender Sieger"},{"@type":"BreadcrumbList","@id":"https:\/\/sovdladelund.de\/index.php\/2022\/08\/09\/bildergalerie\/#breadcrumb","itemListElement":[{"@type":"ListItem","position":1,"name":"Startseite","item":"https:\/\/sovdladelund.de\/"},{"@type":"ListItem","position":2,"name":"Bildergalerie"}]},{"@type":"WebSite","@id":"https:\/\/sovdladelund.de\/#website","url":"https:\/\/sovdladelund.de\/","name":"Sozialverband Ladelund","description":"Gemeinsam sind wir b\u00e4renstark","publisher":{"@id":"https:\/\/sovdladelund.de\/#organization"},"potentialAction":[{"@type":"SearchAction","target":{"@type":"EntryPoint","urlTemplate":"https:\/\/sovdladelund.de\/?s={search_term_string}"},"query-input":{"@type":"PropertyValueSpecification","valueRequired":true,"valueName":"search_term_string"}}],"inLanguage":"de"},{"@type":"Organization","@id":"https:\/\/sovdladelund.de\/#organization","name":"Sozialverband Ladelund","url":"https:\/\/sovdladelund.de\/","logo":{"@type":"ImageObject","inLanguage":"de","@id":"https:\/\/sovdladelund.de\/#\/schema\/logo\/image\/","url":"https:\/\/sovdladelund.de\/wp-content\/uploads\/2022\/10\/sovd-logo-1.png","contentUrl":"https:\/\/sovdladelund.de\/wp-content\/uploads\/2022\/10\/sovd-logo-1.png","width":161,"height":78,"caption":"Sozialverband Ladelund"},"image":{"@id":"https:\/\/sovdladelund.de\/#\/schema\/logo\/image\/"},"sameAs":["https:\/\/www.facebook.com\/groups\/381158450765117"]},{"@type":"Person","@id":"https:\/\/sovdladelund.de\/#\/schema\/person\/a225727b181cbe3ff063b0af2cf4f012","name":"Monika","image":{"@type":"ImageObject","inLanguage":"de","@id":"https:\/\/sovdladelund.de\/#\/schema\/person\/image\/","url":"https:\/\/secure.gravatar.com\/avatar\/de3411053495d35d801840dbe2906be6f2a8cfc24461a02d68acfa34f676ef91?s=96&d=mm&r=g","contentUrl":"https:\/\/secure.gravatar.com\/avatar\/de3411053495d35d801840dbe2906be6f2a8cfc24461a02d68acfa34f676ef91?s=96&d=mm&r=g","caption":"Monika"},"sameAs":["https:\/\/sovdladelund.de"],"url":"https:\/\/sovdladelund.de\/index.php\/author\/347002\/"}]}},"_links":{"self":[{"href":"https:\/\/sovdladelund.de\/index.php\/wp-json\/wp\/v2\/posts\/35","targetHints":{"allow":["GET"]}}],"collection":[{"href":"https:\/\/sovdladelund.de\/index.php\/wp-json\/wp\/v2\/posts"}],"about":[{"href":"https:\/\/sovdladelund.de\/index.php\/wp-json\/wp\/v2\/types\/post"}],"author":[{"embeddable":true,"href":"https:\/\/sovdladelund.de\/index.php\/wp-json\/wp\/v2\/users\/1"}],"replies":[{"embeddable":true,"href":"https:\/\/sovdladelund.de\/index.php\/wp-json\/wp\/v2\/comments?post=35"}],"version-history":[{"count":4,"href":"https:\/\/sovdladelund.de\/index.php\/wp-json\/wp\/v2\/posts\/35\/revisions"}],"predecessor-version":[{"id":167,"href":"https:\/\/sovdladelund.de\/index.php\/wp-json\/wp\/v2\/posts\/35\/revisions\/167"}],"wp:attachment":[{"href":"https:\/\/sovdladelund.de\/index.php\/wp-json\/wp\/v2\/media?parent=35"}],"wp:term":[{"taxonomy":"category","embeddable":true,"href":"https:\/\/sovdladelund.de\/index.php\/wp-json\/wp\/v2\/categories?post=35"},{"taxonomy":"post_tag","embeddable":true,"href":"https:\/\/sovdladelund.de\/index.php\/wp-json\/wp\/v2\/tags?post=35"}],"curies":[{"name":"wp","href":"https:\/\/api.w.org\/{rel}","templated":true}]}}