{"id":30,"date":"2022-08-09T14:54:06","date_gmt":"2022-08-09T14:54:06","guid":{"rendered":"https:\/\/sovdladelund.de\/?p=30"},"modified":"2022-08-09T15:37:06","modified_gmt":"2022-08-09T15:37:06","slug":"ortsverband-ladelund","status":"publish","type":"post","link":"https:\/\/sovdladelund.de\/index.php\/2022\/08\/09\/ortsverband-ladelund\/","title":{"rendered":"Ortsverband Ladelund"},"content":{"rendered":"\n<p>Der Ladelunder Ortsverband wurde am 27. April 1947 in H\u00fcndings Gasthof gegr\u00fcndet.<\/p>\n\n\n\n<p>Erster Vorsitzender wurde Herr Mahn ( Vorname fehlt leider in der Chronik).<\/p>\n\n\n\n<p>Die Vereinsarbeit gestaltete sich schwierig. In der Chronik hei\u00dft es , da\u00df die Menschen nach dem verlorenen Krieg und der verwirrenden Zeit danach jegliches Vertrauen in und den Glauben an jede Organisation verloren hatten. <\/p>\n\n\n\n<p>Auf Kamerad Mahn, wie er in der Chronik bezeichnet wird, folgte 1954 Kamerad B\u00f6dewadt, der aus gesundheitlichen Gr\u00fcnden zur\u00fccktrat.<\/p>\n\n\n\n<p>Otto Stuhlemmer f\u00fchrte den Ortsverband bis 1964.<\/p>\n\n\n\n<p>Die Chronik berichtet:<\/p>\n\n\n\n<blockquote class=\"wp-block-quote is-layout-flow wp-block-quote-is-layout-flow\"><p>In den sechziger und siebziger Jahren wuchs der Wohlstand sehr schnell. Darunter litten Kameradschaft und Zusammenhalt. Fast jeder hatte ein Auto. Die Individualit\u00e4t fiel dem Gemeinsinn zum Opfer!&#8220;<\/p><cite>Otto Stuhlemmer entnommen der Chronik des Ladelunder Ortsverbandes<\/cite><\/blockquote>\n\n\n\n<p>Von 1964 &#8211; 1979 leitete Hans &#8211; Detlef Markussen den Verband.<\/p>\n\n\n\n<p>Erna Oechsle f\u00fchrte danach 2 Jahre die Geschicke, bis 1981 Rudolf Lindemann zum Vorsitzenden gew\u00e4hlt wurde.<\/p>\n\n\n\n<p>Ulrich Je\u00df \u00fcbernahm den Ortsverband 1987 und leitete ihn 17 Jahre lang.<\/p>\n\n\n\n<p>Seit 2004 tr\u00e4gt Wilfried Dix die Verantwortung.<\/p>\n\n\n\n<p>Insgesamt z\u00e4hlen \u00fcber 170 Mitglieder zum Ortsverband Ladelund.<\/p>\n","protected":false},"excerpt":{"rendered":"<p>Der Ladelunder Ortsverband wurde am 27. April 1947 in H\u00fcndings Gasthof gegr\u00fcndet. Erster Vorsitzender wurde Herr Mahn ( Vorname fehlt leider in der Chronik). Die Vereinsarbeit gestaltete sich schwierig. In der Chronik hei\u00dft es , da\u00df die Menschen nach dem verlorenen Krieg und der verwirrenden Zeit danach jegliches Vertrauen in und den Glauben an jede&hellip; <a class=\"more-link\" href=\"https:\/\/sovdladelund.de\/index.php\/2022\/08\/09\/ortsverband-ladelund\/\"><span class=\"screen-reader-text\">Ortsverband Ladelund<\/span> weiterlesen<\/a><\/p>\n","protected":false},"author":1,"featured_media":0,"comment_status":"closed","ping_status":"open","sticky":false,"template":"","format":"standard","meta":{"footnotes":""},"categories":[1,11],"tags":[],"class_list":["post-30","post","type-post","status-publish","format-standard","hentry","category-https-sovdladelund-de-index-php-kooperationen-und-vorteile","category-ortsverband-ladelund","entry"],"yoast_head":"<!-- This site is optimized with the Yoast SEO plugin v25.5 - https:\/\/yoast.com\/wordpress\/plugins\/seo\/ -->\n<title>Ortsverband Ladelund - Sozialverband Ladelund<\/title>\n<meta name=\"description\" content=\"Der Sozialverband Deutschland hat alleine in Schleswig Holstein \u00fcber 170 Tsd. Mitglieder. Er wird in SH vertreten durch 15 Kreisverb\u00e4nde und 55 Ortsverb\u00e4nde in Nordfriesland. Ladelund ist einer von ihnen. Wir haben im Ortsverband Ladelund \u00fcber 170 Mitglieder. Geleitet wird der Ortsverband Ladelund von einem Vorstand, der aus derzeit 10 Mitgliedern besteht, die sich hier ehrenamtlich engagieren. Wenn auch du Lust hast dich zu engagieren oder Mitglied zu werden, dann spreche uns gerne an. Der Sozialverband Deutschland ber\u00e4t in allen sozialen Fragen und setzt sich ein, wenn es sein muss bis zum Sozialgericht. Das ist keine Frage des Alters, es kann schnell etwas passieren (Arbeitslosigkeit, Krankheit, Unfall, Erwerbsunf\u00e4higkeit, Rente) und man ben\u00f6tigt Hilfe gegen\u00fcber den \u00c4mtern und Beh\u00f6rden!\" \/>\n<meta name=\"robots\" content=\"index, follow, max-snippet:-1, max-image-preview:large, max-video-preview:-1\" \/>\n<link rel=\"canonical\" href=\"https:\/\/sovdladelund.de\/index.php\/2022\/08\/09\/ortsverband-ladelund\/\" \/>\n<meta property=\"og:locale\" content=\"de_DE\" \/>\n<meta property=\"og:type\" content=\"article\" \/>\n<meta property=\"og:title\" content=\"Ortsverband Ladelund - Sozialverband Ladelund\" \/>\n<meta property=\"og:description\" content=\"Der Sozialverband Deutschland hat alleine in Schleswig Holstein \u00fcber 170 Tsd. Mitglieder. Er wird in SH vertreten durch 15 Kreisverb\u00e4nde und 55 Ortsverb\u00e4nde in Nordfriesland. Ladelund ist einer von ihnen. Wir haben im Ortsverband Ladelund \u00fcber 170 Mitglieder. Geleitet wird der Ortsverband Ladelund von einem Vorstand, der aus derzeit 10 Mitgliedern besteht, die sich hier ehrenamtlich engagieren. Wenn auch du Lust hast dich zu engagieren oder Mitglied zu werden, dann spreche uns gerne an. Der Sozialverband Deutschland ber\u00e4t in allen sozialen Fragen und setzt sich ein, wenn es sein muss bis zum Sozialgericht. Das ist keine Frage des Alters, es kann schnell etwas passieren (Arbeitslosigkeit, Krankheit, Unfall, Erwerbsunf\u00e4higkeit, Rente) und man ben\u00f6tigt Hilfe gegen\u00fcber den \u00c4mtern und Beh\u00f6rden!\" \/>\n<meta property=\"og:url\" content=\"https:\/\/sovdladelund.de\/index.php\/2022\/08\/09\/ortsverband-ladelund\/\" \/>\n<meta property=\"og:site_name\" content=\"Sozialverband Ladelund\" \/>\n<meta property=\"article:publisher\" content=\"https:\/\/www.facebook.com\/groups\/381158450765117\" \/>\n<meta property=\"article:published_time\" content=\"2022-08-09T14:54:06+00:00\" \/>\n<meta property=\"article:modified_time\" content=\"2022-08-09T15:37:06+00:00\" \/>\n<meta name=\"author\" content=\"Monika\" \/>\n<meta name=\"twitter:card\" content=\"summary_large_image\" \/>\n<meta name=\"twitter:label1\" content=\"Verfasst von\" \/>\n\t<meta name=\"twitter:data1\" content=\"Monika\" \/>\n\t<meta name=\"twitter:label2\" content=\"Gesch\u00e4tzte Lesezeit\" \/>\n\t<meta name=\"twitter:data2\" content=\"1\u00a0Minute\" \/>\n<script type=\"application\/ld+json\" class=\"yoast-schema-graph\">{\"@context\":\"https:\/\/schema.org\",\"@graph\":[{\"@type\":\"Article\",\"@id\":\"https:\/\/sovdladelund.de\/index.php\/2022\/08\/09\/ortsverband-ladelund\/#article\",\"isPartOf\":{\"@id\":\"https:\/\/sovdladelund.de\/index.php\/2022\/08\/09\/ortsverband-ladelund\/\"},\"author\":{\"name\":\"Monika\",\"@id\":\"https:\/\/sovdladelund.de\/#\/schema\/person\/a225727b181cbe3ff063b0af2cf4f012\"},\"headline\":\"Ortsverband Ladelund\",\"datePublished\":\"2022-08-09T14:54:06+00:00\",\"dateModified\":\"2022-08-09T15:37:06+00:00\",\"mainEntityOfPage\":{\"@id\":\"https:\/\/sovdladelund.de\/index.php\/2022\/08\/09\/ortsverband-ladelund\/\"},\"wordCount\":177,\"publisher\":{\"@id\":\"https:\/\/sovdladelund.de\/#organization\"},\"articleSection\":[\"Kooperationen und Vorteile\",\"Ortsverband Ladelund\"],\"inLanguage\":\"de\"},{\"@type\":\"WebPage\",\"@id\":\"https:\/\/sovdladelund.de\/index.php\/2022\/08\/09\/ortsverband-ladelund\/\",\"url\":\"https:\/\/sovdladelund.de\/index.php\/2022\/08\/09\/ortsverband-ladelund\/\",\"name\":\"Ortsverband Ladelund - Sozialverband Ladelund\",\"isPartOf\":{\"@id\":\"https:\/\/sovdladelund.de\/#website\"},\"datePublished\":\"2022-08-09T14:54:06+00:00\",\"dateModified\":\"2022-08-09T15:37:06+00:00\",\"description\":\"Der Sozialverband Deutschland hat alleine in Schleswig Holstein \u00fcber 170 Tsd. Mitglieder. Er wird in SH vertreten durch 15 Kreisverb\u00e4nde und 55 Ortsverb\u00e4nde in Nordfriesland. Ladelund ist einer von ihnen. Wir haben im Ortsverband Ladelund \u00fcber 170 Mitglieder. Geleitet wird der Ortsverband Ladelund von einem Vorstand, der aus derzeit 10 Mitgliedern besteht, die sich hier ehrenamtlich engagieren. Wenn auch du Lust hast dich zu engagieren oder Mitglied zu werden, dann spreche uns gerne an. Der Sozialverband Deutschland ber\u00e4t in allen sozialen Fragen und setzt sich ein, wenn es sein muss bis zum Sozialgericht. Das ist keine Frage des Alters, es kann schnell etwas passieren (Arbeitslosigkeit, Krankheit, Unfall, Erwerbsunf\u00e4higkeit, Rente) und man ben\u00f6tigt Hilfe gegen\u00fcber den \u00c4mtern und Beh\u00f6rden!\",\"breadcrumb\":{\"@id\":\"https:\/\/sovdladelund.de\/index.php\/2022\/08\/09\/ortsverband-ladelund\/#breadcrumb\"},\"inLanguage\":\"de\",\"potentialAction\":[{\"@type\":\"ReadAction\",\"target\":[\"https:\/\/sovdladelund.de\/index.php\/2022\/08\/09\/ortsverband-ladelund\/\"]}]},{\"@type\":\"BreadcrumbList\",\"@id\":\"https:\/\/sovdladelund.de\/index.php\/2022\/08\/09\/ortsverband-ladelund\/#breadcrumb\",\"itemListElement\":[{\"@type\":\"ListItem\",\"position\":1,\"name\":\"Startseite\",\"item\":\"https:\/\/sovdladelund.de\/\"},{\"@type\":\"ListItem\",\"position\":2,\"name\":\"Ortsverband Ladelund\"}]},{\"@type\":\"WebSite\",\"@id\":\"https:\/\/sovdladelund.de\/#website\",\"url\":\"https:\/\/sovdladelund.de\/\",\"name\":\"Sozialverband Ladelund\",\"description\":\"Gemeinsam sind wir b\u00e4renstark\",\"publisher\":{\"@id\":\"https:\/\/sovdladelund.de\/#organization\"},\"potentialAction\":[{\"@type\":\"SearchAction\",\"target\":{\"@type\":\"EntryPoint\",\"urlTemplate\":\"https:\/\/sovdladelund.de\/?s={search_term_string}\"},\"query-input\":{\"@type\":\"PropertyValueSpecification\",\"valueRequired\":true,\"valueName\":\"search_term_string\"}}],\"inLanguage\":\"de\"},{\"@type\":\"Organization\",\"@id\":\"https:\/\/sovdladelund.de\/#organization\",\"name\":\"Sozialverband Ladelund\",\"url\":\"https:\/\/sovdladelund.de\/\",\"logo\":{\"@type\":\"ImageObject\",\"inLanguage\":\"de\",\"@id\":\"https:\/\/sovdladelund.de\/#\/schema\/logo\/image\/\",\"url\":\"https:\/\/sovdladelund.de\/wp-content\/uploads\/2022\/10\/sovd-logo-1.png\",\"contentUrl\":\"https:\/\/sovdladelund.de\/wp-content\/uploads\/2022\/10\/sovd-logo-1.png\",\"width\":161,\"height\":78,\"caption\":\"Sozialverband Ladelund\"},\"image\":{\"@id\":\"https:\/\/sovdladelund.de\/#\/schema\/logo\/image\/\"},\"sameAs\":[\"https:\/\/www.facebook.com\/groups\/381158450765117\"]},{\"@type\":\"Person\",\"@id\":\"https:\/\/sovdladelund.de\/#\/schema\/person\/a225727b181cbe3ff063b0af2cf4f012\",\"name\":\"Monika\",\"image\":{\"@type\":\"ImageObject\",\"inLanguage\":\"de\",\"@id\":\"https:\/\/sovdladelund.de\/#\/schema\/person\/image\/\",\"url\":\"https:\/\/secure.gravatar.com\/avatar\/de3411053495d35d801840dbe2906be6f2a8cfc24461a02d68acfa34f676ef91?s=96&d=mm&r=g\",\"contentUrl\":\"https:\/\/secure.gravatar.com\/avatar\/de3411053495d35d801840dbe2906be6f2a8cfc24461a02d68acfa34f676ef91?s=96&d=mm&r=g\",\"caption\":\"Monika\"},\"sameAs\":[\"https:\/\/sovdladelund.de\"],\"url\":\"https:\/\/sovdladelund.de\/index.php\/author\/347002\/\"}]}<\/script>\n<!-- \/ Yoast SEO plugin. -->","yoast_head_json":{"title":"Ortsverband Ladelund - Sozialverband Ladelund","description":"Der Sozialverband Deutschland hat alleine in Schleswig Holstein \u00fcber 170 Tsd. Mitglieder. Er wird in SH vertreten durch 15 Kreisverb\u00e4nde und 55 Ortsverb\u00e4nde in Nordfriesland. Ladelund ist einer von ihnen. Wir haben im Ortsverband Ladelund \u00fcber 170 Mitglieder. Geleitet wird der Ortsverband Ladelund von einem Vorstand, der aus derzeit 10 Mitgliedern besteht, die sich hier ehrenamtlich engagieren. Wenn auch du Lust hast dich zu engagieren oder Mitglied zu werden, dann spreche uns gerne an. Der Sozialverband Deutschland ber\u00e4t in allen sozialen Fragen und setzt sich ein, wenn es sein muss bis zum Sozialgericht. Das ist keine Frage des Alters, es kann schnell etwas passieren (Arbeitslosigkeit, Krankheit, Unfall, Erwerbsunf\u00e4higkeit, Rente) und man ben\u00f6tigt Hilfe gegen\u00fcber den \u00c4mtern und Beh\u00f6rden!","robots":{"index":"index","follow":"follow","max-snippet":"max-snippet:-1","max-image-preview":"max-image-preview:large","max-video-preview":"max-video-preview:-1"},"canonical":"https:\/\/sovdladelund.de\/index.php\/2022\/08\/09\/ortsverband-ladelund\/","og_locale":"de_DE","og_type":"article","og_title":"Ortsverband Ladelund - Sozialverband Ladelund","og_description":"Der Sozialverband Deutschland hat alleine in Schleswig Holstein \u00fcber 170 Tsd. Mitglieder. Er wird in SH vertreten durch 15 Kreisverb\u00e4nde und 55 Ortsverb\u00e4nde in Nordfriesland. Ladelund ist einer von ihnen. Wir haben im Ortsverband Ladelund \u00fcber 170 Mitglieder. Geleitet wird der Ortsverband Ladelund von einem Vorstand, der aus derzeit 10 Mitgliedern besteht, die sich hier ehrenamtlich engagieren. Wenn auch du Lust hast dich zu engagieren oder Mitglied zu werden, dann spreche uns gerne an. Der Sozialverband Deutschland ber\u00e4t in allen sozialen Fragen und setzt sich ein, wenn es sein muss bis zum Sozialgericht. Das ist keine Frage des Alters, es kann schnell etwas passieren (Arbeitslosigkeit, Krankheit, Unfall, Erwerbsunf\u00e4higkeit, Rente) und man ben\u00f6tigt Hilfe gegen\u00fcber den \u00c4mtern und Beh\u00f6rden!","og_url":"https:\/\/sovdladelund.de\/index.php\/2022\/08\/09\/ortsverband-ladelund\/","og_site_name":"Sozialverband Ladelund","article_publisher":"https:\/\/www.facebook.com\/groups\/381158450765117","article_published_time":"2022-08-09T14:54:06+00:00","article_modified_time":"2022-08-09T15:37:06+00:00","author":"Monika","twitter_card":"summary_large_image","twitter_misc":{"Verfasst von":"Monika","Gesch\u00e4tzte Lesezeit":"1\u00a0Minute"},"schema":{"@context":"https:\/\/schema.org","@graph":[{"@type":"Article","@id":"https:\/\/sovdladelund.de\/index.php\/2022\/08\/09\/ortsverband-ladelund\/#article","isPartOf":{"@id":"https:\/\/sovdladelund.de\/index.php\/2022\/08\/09\/ortsverband-ladelund\/"},"author":{"name":"Monika","@id":"https:\/\/sovdladelund.de\/#\/schema\/person\/a225727b181cbe3ff063b0af2cf4f012"},"headline":"Ortsverband Ladelund","datePublished":"2022-08-09T14:54:06+00:00","dateModified":"2022-08-09T15:37:06+00:00","mainEntityOfPage":{"@id":"https:\/\/sovdladelund.de\/index.php\/2022\/08\/09\/ortsverband-ladelund\/"},"wordCount":177,"publisher":{"@id":"https:\/\/sovdladelund.de\/#organization"},"articleSection":["Kooperationen und Vorteile","Ortsverband Ladelund"],"inLanguage":"de"},{"@type":"WebPage","@id":"https:\/\/sovdladelund.de\/index.php\/2022\/08\/09\/ortsverband-ladelund\/","url":"https:\/\/sovdladelund.de\/index.php\/2022\/08\/09\/ortsverband-ladelund\/","name":"Ortsverband Ladelund - Sozialverband Ladelund","isPartOf":{"@id":"https:\/\/sovdladelund.de\/#website"},"datePublished":"2022-08-09T14:54:06+00:00","dateModified":"2022-08-09T15:37:06+00:00","description":"Der Sozialverband Deutschland hat alleine in Schleswig Holstein \u00fcber 170 Tsd. Mitglieder. Er wird in SH vertreten durch 15 Kreisverb\u00e4nde und 55 Ortsverb\u00e4nde in Nordfriesland. Ladelund ist einer von ihnen. Wir haben im Ortsverband Ladelund \u00fcber 170 Mitglieder. Geleitet wird der Ortsverband Ladelund von einem Vorstand, der aus derzeit 10 Mitgliedern besteht, die sich hier ehrenamtlich engagieren. Wenn auch du Lust hast dich zu engagieren oder Mitglied zu werden, dann spreche uns gerne an. Der Sozialverband Deutschland ber\u00e4t in allen sozialen Fragen und setzt sich ein, wenn es sein muss bis zum Sozialgericht. Das ist keine Frage des Alters, es kann schnell etwas passieren (Arbeitslosigkeit, Krankheit, Unfall, Erwerbsunf\u00e4higkeit, Rente) und man ben\u00f6tigt Hilfe gegen\u00fcber den \u00c4mtern und Beh\u00f6rden!","breadcrumb":{"@id":"https:\/\/sovdladelund.de\/index.php\/2022\/08\/09\/ortsverband-ladelund\/#breadcrumb"},"inLanguage":"de","potentialAction":[{"@type":"ReadAction","target":["https:\/\/sovdladelund.de\/index.php\/2022\/08\/09\/ortsverband-ladelund\/"]}]},{"@type":"BreadcrumbList","@id":"https:\/\/sovdladelund.de\/index.php\/2022\/08\/09\/ortsverband-ladelund\/#breadcrumb","itemListElement":[{"@type":"ListItem","position":1,"name":"Startseite","item":"https:\/\/sovdladelund.de\/"},{"@type":"ListItem","position":2,"name":"Ortsverband Ladelund"}]},{"@type":"WebSite","@id":"https:\/\/sovdladelund.de\/#website","url":"https:\/\/sovdladelund.de\/","name":"Sozialverband Ladelund","description":"Gemeinsam sind wir b\u00e4renstark","publisher":{"@id":"https:\/\/sovdladelund.de\/#organization"},"potentialAction":[{"@type":"SearchAction","target":{"@type":"EntryPoint","urlTemplate":"https:\/\/sovdladelund.de\/?s={search_term_string}"},"query-input":{"@type":"PropertyValueSpecification","valueRequired":true,"valueName":"search_term_string"}}],"inLanguage":"de"},{"@type":"Organization","@id":"https:\/\/sovdladelund.de\/#organization","name":"Sozialverband Ladelund","url":"https:\/\/sovdladelund.de\/","logo":{"@type":"ImageObject","inLanguage":"de","@id":"https:\/\/sovdladelund.de\/#\/schema\/logo\/image\/","url":"https:\/\/sovdladelund.de\/wp-content\/uploads\/2022\/10\/sovd-logo-1.png","contentUrl":"https:\/\/sovdladelund.de\/wp-content\/uploads\/2022\/10\/sovd-logo-1.png","width":161,"height":78,"caption":"Sozialverband Ladelund"},"image":{"@id":"https:\/\/sovdladelund.de\/#\/schema\/logo\/image\/"},"sameAs":["https:\/\/www.facebook.com\/groups\/381158450765117"]},{"@type":"Person","@id":"https:\/\/sovdladelund.de\/#\/schema\/person\/a225727b181cbe3ff063b0af2cf4f012","name":"Monika","image":{"@type":"ImageObject","inLanguage":"de","@id":"https:\/\/sovdladelund.de\/#\/schema\/person\/image\/","url":"https:\/\/secure.gravatar.com\/avatar\/de3411053495d35d801840dbe2906be6f2a8cfc24461a02d68acfa34f676ef91?s=96&d=mm&r=g","contentUrl":"https:\/\/secure.gravatar.com\/avatar\/de3411053495d35d801840dbe2906be6f2a8cfc24461a02d68acfa34f676ef91?s=96&d=mm&r=g","caption":"Monika"},"sameAs":["https:\/\/sovdladelund.de"],"url":"https:\/\/sovdladelund.de\/index.php\/author\/347002\/"}]}},"_links":{"self":[{"href":"https:\/\/sovdladelund.de\/index.php\/wp-json\/wp\/v2\/posts\/30","targetHints":{"allow":["GET"]}}],"collection":[{"href":"https:\/\/sovdladelund.de\/index.php\/wp-json\/wp\/v2\/posts"}],"about":[{"href":"https:\/\/sovdladelund.de\/index.php\/wp-json\/wp\/v2\/types\/post"}],"author":[{"embeddable":true,"href":"https:\/\/sovdladelund.de\/index.php\/wp-json\/wp\/v2\/users\/1"}],"replies":[{"embeddable":true,"href":"https:\/\/sovdladelund.de\/index.php\/wp-json\/wp\/v2\/comments?post=30"}],"version-history":[{"count":1,"href":"https:\/\/sovdladelund.de\/index.php\/wp-json\/wp\/v2\/posts\/30\/revisions"}],"predecessor-version":[{"id":31,"href":"https:\/\/sovdladelund.de\/index.php\/wp-json\/wp\/v2\/posts\/30\/revisions\/31"}],"wp:attachment":[{"href":"https:\/\/sovdladelund.de\/index.php\/wp-json\/wp\/v2\/media?parent=30"}],"wp:term":[{"taxonomy":"category","embeddable":true,"href":"https:\/\/sovdladelund.de\/index.php\/wp-json\/wp\/v2\/categories?post=30"},{"taxonomy":"post_tag","embeddable":true,"href":"https:\/\/sovdladelund.de\/index.php\/wp-json\/wp\/v2\/tags?post=30"}],"curies":[{"name":"wp","href":"https:\/\/api.w.org\/{rel}","templated":true}]}}